{"id":39036,"date":"2025-11-06T13:18:14","date_gmt":"2025-11-06T13:18:14","guid":{"rendered":"https:\/\/cnctulua.tv\/?p=39036"},"modified":"2025-11-06T13:19:49","modified_gmt":"2025-11-06T13:19:49","slug":"jurado-resalta-avance-y-compromiso-de-las-bandas-de-marcha-en-el-valle-2","status":"publish","type":"post","link":"https:\/\/cnctulua.tv\/?p=39036","title":{"rendered":"Jurado resalta avance y compromiso de las bandas de marcha en el Valle."},"content":{"rendered":"\n<p>El segundo encuentro de bandas de marcha \u201c\u00c1guilas de Fuego\u201d, realizado en el coliseo de ferias Manuel Victoria Rojas del municipio de Tulu\u00e1, cont\u00f3 con la participaci\u00f3n de 19 agrupaciones de distintos municipios del Valle del Cauca.<\/p>\n\n\n\n<figure class=\"wp-block-embed is-type-video is-provider-youtube wp-block-embed-youtube wp-embed-aspect-16-9 wp-has-aspect-ratio\"><div class=\"wp-block-embed__wrapper\">\n<iframe loading=\"lazy\" title=\"\ud83c\udfb6 Jurados destacan el talento juvenil en el encuentro \u201c\u00c1guilas de Fuego\u201d \ud83c\udfba.\" width=\"640\" height=\"360\" src=\"https:\/\/www.youtube.com\/embed\/pPa9IhvG7KA?feature=oembed\" frameborder=\"0\" allow=\"accelerometer; autoplay; clipboard-write; encrypted-media; gyroscope; picture-in-picture; web-share\" referrerpolicy=\"strict-origin-when-cross-origin\" allowfullscreen><\/iframe>\n<\/div><\/figure>\n\n\n\n<p>Carlos Alberto Correa Garc\u00eda, jurado del evento y representante del municipio de Candelaria, explic\u00f3 que se evaluaron aspectos como uniformidad, puntualidad, armon\u00eda y afinaci\u00f3n de los instrumentos, adem\u00e1s de la coordinaci\u00f3n en la marcha y la coreograf\u00eda.<\/p>\n\n\n\n<figure class=\"wp-block-image size-full\"><img loading=\"lazy\" decoding=\"async\" width=\"1017\" height=\"494\" src=\"https:\/\/cnctulua.tv\/wp-content\/uploads\/2025\/11\/bandas-1.png\" alt=\"\" class=\"wp-image-39043\" srcset=\"https:\/\/cnctulua.tv\/wp-content\/uploads\/2025\/11\/bandas-1.png 1017w, https:\/\/cnctulua.tv\/wp-content\/uploads\/2025\/11\/bandas-1-300x146.png 300w, https:\/\/cnctulua.tv\/wp-content\/uploads\/2025\/11\/bandas-1-768x373.png 768w\" sizes=\"auto, (max-width: 1017px) 100vw, 1017px\" \/><\/figure>\n\n\n\n<p>\u201cEl nivel fue alto y se nota un progreso importante en comparaci\u00f3n con a\u00f1os anteriores. Cada banda mostr\u00f3 esfuerzo, disciplina y compromiso\u201d, se\u00f1al\u00f3 Correa.<\/p>\n\n\n\n<p>El jurado tambi\u00e9n extendi\u00f3 una invitaci\u00f3n a la comunidad a respaldar estos espacios culturales, que contribuyen al crecimiento art\u00edstico y social de los j\u00f3venes.<\/p>\n\n\n\n<p>\u201cEstos encuentros ayudan a fortalecer la cultura y motivan a los muchachos a seguir en el camino del arte, en lugar de verse afectados por las problem\u00e1ticas sociales que atraviesa el pa\u00eds\u201d, agreg\u00f3.<\/p>\n\n\n\n<p>Con este balance, el evento cerr\u00f3 consolidando a Tulu\u00e1 como un referente regional en la promoci\u00f3n de la m\u00fasica marcial y el desarrollo cultural del Valle del Cauca.<\/p>\n","protected":false},"excerpt":{"rendered":"<p>El segundo encuentro de bandas de marcha \u201c\u00c1guilas de Fuego\u201d, realizado en el coliseo de ferias Manuel Victoria Rojas del municipio de Tulu\u00e1, cont\u00f3 con la participaci\u00f3n de 19 agrupaciones de distintos municipios del Valle del Cauca. Carlos Alberto Correa Garc\u00eda, jurado del evento y representante del municipio de Candelaria, explic\u00f3 que se evaluaron aspectos [&hellip;]<\/p>\n","protected":false},"author":3,"featured_media":39042,"comment_status":"open","ping_status":"open","sticky":false,"template":"","format":"video","meta":{"footnotes":""},"categories":[10,1515],"tags":[],"class_list":["post-39036","post","type-post","status-publish","format-video","has-post-thumbnail","hentry","category-cnc-noticias-tulua","category-cnc-tulua","post_format-post-format-video"],"_links":{"self":[{"href":"https:\/\/cnctulua.tv\/index.php?rest_route=\/wp\/v2\/posts\/39036","targetHints":{"allow":["GET"]}}],"collection":[{"href":"https:\/\/cnctulua.tv\/index.php?rest_route=\/wp\/v2\/posts"}],"about":[{"href":"https:\/\/cnctulua.tv\/index.php?rest_route=\/wp\/v2\/types\/post"}],"author":[{"embeddable":true,"href":"https:\/\/cnctulua.tv\/index.php?rest_route=\/wp\/v2\/users\/3"}],"replies":[{"embeddable":true,"href":"https:\/\/cnctulua.tv\/index.php?rest_route=%2Fwp%2Fv2%2Fcomments&post=39036"}],"version-history":[{"count":2,"href":"https:\/\/cnctulua.tv\/index.php?rest_route=\/wp\/v2\/posts\/39036\/revisions"}],"predecessor-version":[{"id":39045,"href":"https:\/\/cnctulua.tv\/index.php?rest_route=\/wp\/v2\/posts\/39036\/revisions\/39045"}],"wp:featuredmedia":[{"embeddable":true,"href":"https:\/\/cnctulua.tv\/index.php?rest_route=\/wp\/v2\/media\/39042"}],"wp:attachment":[{"href":"https:\/\/cnctulua.tv\/index.php?rest_route=%2Fwp%2Fv2%2Fmedia&parent=39036"}],"wp:term":[{"taxonomy":"category","embeddable":true,"href":"https:\/\/cnctulua.tv\/index.php?rest_route=%2Fwp%2Fv2%2Fcategories&post=39036"},{"taxonomy":"post_tag","embeddable":true,"href":"https:\/\/cnctulua.tv\/index.php?rest_route=%2Fwp%2Fv2%2Ftags&post=39036"}],"curies":[{"name":"wp","href":"https:\/\/api.w.org\/{rel}","templated":true}]}}