{"id":39038,"date":"2025-11-06T16:28:04","date_gmt":"2025-11-06T16:28:04","guid":{"rendered":"https:\/\/cnctulua.tv\/?p=39038"},"modified":"2025-11-06T16:28:04","modified_gmt":"2025-11-06T16:28:04","slug":"asegurados-presuntos-integrantes-de-red-de-trata-de-personas-senalada-de-explotar-sexualmente-a-mujeres-en-barein","status":"publish","type":"post","link":"https:\/\/cnctulua.tv\/?p=39038","title":{"rendered":"Asegurados presuntos integrantes de red de trata de personas se\u00f1alada de explotar sexualmente a mujeres en Bar\u00e9in."},"content":{"rendered":"\n<p>La Fiscal\u00eda General de la Naci\u00f3n y la Polic\u00eda Nacional lograron la judicializaci\u00f3n de tres personas presuntamente vinculadas a una red internacional dedicada a la trata de personas con fines de explotaci\u00f3n sexual.<\/p>\n\n\n\n<figure class=\"wp-block-embed is-type-video is-provider-youtube wp-block-embed-youtube wp-embed-aspect-16-9 wp-has-aspect-ratio\"><div class=\"wp-block-embed__wrapper\">\n<iframe loading=\"lazy\" title=\"\ud83c\udf0d Asegurados presuntos integrantes de red de trata de personas.\" width=\"640\" height=\"360\" src=\"https:\/\/www.youtube.com\/embed\/9Kx-1YzWtDI?feature=oembed\" frameborder=\"0\" allow=\"accelerometer; autoplay; clipboard-write; encrypted-media; gyroscope; picture-in-picture; web-share\" referrerpolicy=\"strict-origin-when-cross-origin\" allowfullscreen><\/iframe>\n<\/div><\/figure>\n\n\n\n<p>Las investigaciones indican que desde Cali (Valle del Cauca) y Pereira (Risaralda) los presuntos implicados contactaban a mujeres, en su mayor\u00eda j\u00f3venes, y les ofrec\u00edan apoyo econ\u00f3mico y log\u00edstico para viajar a pa\u00edses del Medio Oriente.<\/p>\n\n\n\n<p>En por lo menos tres casos documentados entre julio de 2023 y octubre de 2025, las v\u00edctimas fueron trasladadas a Bar\u00e9in, donde fueron retenidas, despojadas de sus documentos de identidad y obligadas a realizar actividades sexuales para pagar una supuesta deuda de 10.000 d\u00f3lares.<\/p>\n\n\n\n<p>Las autoridades establecieron que los procesados asum\u00edan los costos de tiquetes, visados y desplazamientos, pero al llegar a destino las mujeres eran sometidas a condiciones de explotaci\u00f3n y amenazas de ser denunciadas ante las autoridades locales.<\/p>\n\n\n\n<p>Los tres investigados fueron presentados ante un juez de control de garant\u00edas, quien impuso medida de aseguramiento en centro carcelario a dos de ellos, mientras que una persona deber\u00e1 cumplirla en su residencia.<\/p>\n\n\n\n<p>Las autoridades reiteraron que las investigaciones contin\u00faan para ubicar a otros posibles integrantes de esta red y fortalecer las acciones de prevenci\u00f3n contra la trata de personas.<\/p>\n","protected":false},"excerpt":{"rendered":"<p>La Fiscal\u00eda General de la Naci\u00f3n y la Polic\u00eda Nacional lograron la judicializaci\u00f3n de tres personas presuntamente vinculadas a una red internacional dedicada a la trata de personas con fines de explotaci\u00f3n sexual. Las investigaciones indican que desde Cali (Valle del Cauca) y Pereira (Risaralda) los presuntos implicados contactaban a mujeres, en su mayor\u00eda j\u00f3venes, [&hellip;]<\/p>\n","protected":false},"author":3,"featured_media":39066,"comment_status":"open","ping_status":"open","sticky":false,"template":"","format":"video","meta":{"footnotes":""},"categories":[10,1515],"tags":[],"class_list":["post-39038","post","type-post","status-publish","format-video","has-post-thumbnail","hentry","category-cnc-noticias-tulua","category-cnc-tulua","post_format-post-format-video"],"_links":{"self":[{"href":"https:\/\/cnctulua.tv\/index.php?rest_route=\/wp\/v2\/posts\/39038","targetHints":{"allow":["GET"]}}],"collection":[{"href":"https:\/\/cnctulua.tv\/index.php?rest_route=\/wp\/v2\/posts"}],"about":[{"href":"https:\/\/cnctulua.tv\/index.php?rest_route=\/wp\/v2\/types\/post"}],"author":[{"embeddable":true,"href":"https:\/\/cnctulua.tv\/index.php?rest_route=\/wp\/v2\/users\/3"}],"replies":[{"embeddable":true,"href":"https:\/\/cnctulua.tv\/index.php?rest_route=%2Fwp%2Fv2%2Fcomments&post=39038"}],"version-history":[{"count":1,"href":"https:\/\/cnctulua.tv\/index.php?rest_route=\/wp\/v2\/posts\/39038\/revisions"}],"predecessor-version":[{"id":39067,"href":"https:\/\/cnctulua.tv\/index.php?rest_route=\/wp\/v2\/posts\/39038\/revisions\/39067"}],"wp:featuredmedia":[{"embeddable":true,"href":"https:\/\/cnctulua.tv\/index.php?rest_route=\/wp\/v2\/media\/39066"}],"wp:attachment":[{"href":"https:\/\/cnctulua.tv\/index.php?rest_route=%2Fwp%2Fv2%2Fmedia&parent=39038"}],"wp:term":[{"taxonomy":"category","embeddable":true,"href":"https:\/\/cnctulua.tv\/index.php?rest_route=%2Fwp%2Fv2%2Fcategories&post=39038"},{"taxonomy":"post_tag","embeddable":true,"href":"https:\/\/cnctulua.tv\/index.php?rest_route=%2Fwp%2Fv2%2Ftags&post=39038"}],"curies":[{"name":"wp","href":"https:\/\/api.w.org\/{rel}","templated":true}]}}