{"id":39039,"date":"2025-11-06T16:49:58","date_gmt":"2025-11-06T16:49:58","guid":{"rendered":"https:\/\/cnctulua.tv\/?p=39039"},"modified":"2025-11-06T16:49:58","modified_gmt":"2025-11-06T16:49:58","slug":"colombo-farmaceutica-realizo-su-tercera-feria-empresarial-en-tulua","status":"publish","type":"post","link":"https:\/\/cnctulua.tv\/?p=39039","title":{"rendered":"Colombo Farmac\u00e9utica realiz\u00f3 su tercera feria empresarial en Tulu\u00e1."},"content":{"rendered":"\n<p>El Coliseo Manuel Victoria Rojas de Tulu\u00e1 fue escenario de la tercera feria comercial y empresarial organizada por Colombo Farmac\u00e9utica S.A.S., un evento que reuni\u00f3 a laboratorios nacionales e internacionales, representantes de hospitales y aliados del sector salud del centro y norte del Valle del Cauca.<\/p>\n\n\n\n<figure class=\"wp-block-embed is-type-video is-provider-youtube wp-block-embed-youtube wp-embed-aspect-16-9 wp-has-aspect-ratio\"><div class=\"wp-block-embed__wrapper\">\n<iframe loading=\"lazy\" title=\"\ud83d\ude80 #PanoramaEmpresarial | Colombo Farmac\u00e9utica S.A.S. realiz\u00f3 su tercera feria empresarial en Tulu\u00e1.\" width=\"640\" height=\"360\" src=\"https:\/\/www.youtube.com\/embed\/qKvYl7K1MZs?feature=oembed\" frameborder=\"0\" allow=\"accelerometer; autoplay; clipboard-write; encrypted-media; gyroscope; picture-in-picture; web-share\" referrerpolicy=\"strict-origin-when-cross-origin\" allowfullscreen><\/iframe>\n<\/div><\/figure>\n\n\n\n<p>Durante la jornada, los asistentes participaron en exhibiciones, presentaciones de productos y actividades de capacitaci\u00f3n enfocadas en fortalecer las relaciones comerciales y promover la innovaci\u00f3n dentro del sector farmac\u00e9utico.<\/p>\n\n\n\n<p>El gerente de la compa\u00f1\u00eda, Carlos Augusto Londo\u00f1o, destac\u00f3 que este encuentro es el resultado del trabajo conjunto de su equipo y los aliados estrat\u00e9gicos que han acompa\u00f1ado el crecimiento de la empresa durante sus 15 a\u00f1os de trayectoria.<\/p>\n\n\n\n<p>\u201cEsta tercera feria comercial es un sue\u00f1o cumplido. Gracias al apoyo de las multinacionales y laboratorios nacionales, seguimos creciendo con nuevos proyectos como Colombo Care, una IPS especializada en el tratamiento de heridas, y ColomboVet, nuestra l\u00ednea veterinaria\u201d, expres\u00f3 Londo\u00f1o.<\/p>\n\n\n\n<p>El evento cont\u00f3 con la participaci\u00f3n de la C\u00e1mara de Comercio de Tulu\u00e1, que anunci\u00f3 una alianza estrat\u00e9gica con Colombo Farmac\u00e9utica para fortalecer la formalizaci\u00f3n y competitividad del sector.<\/p>\n\n\n\n<p>\u201cQueremos acompa\u00f1ar a las droguer\u00edas y peque\u00f1os empresarios del gremio farmac\u00e9utico, articulando esfuerzos que mejoren sus oportunidades comerciales\u201d, se\u00f1al\u00f3 Miguel \u00c1ngel Gonz\u00e1lez, representante de la C\u00e1mara de Comercio.<\/p>\n\n\n\n<p>Con esta feria, Colombo Farmac\u00e9utica reafirma su compromiso con la innovaci\u00f3n, la calidad y el fortalecimiento empresarial, consolid\u00e1ndose como una de las compa\u00f1\u00edas l\u00edderes del sector salud en el Valle del Cauca.<\/p>\n","protected":false},"excerpt":{"rendered":"<p>El Coliseo Manuel Victoria Rojas de Tulu\u00e1 fue escenario de la tercera feria comercial y empresarial organizada por Colombo Farmac\u00e9utica S.A.S., un evento que reuni\u00f3 a laboratorios nacionales e internacionales, representantes de hospitales y aliados del sector salud del centro y norte del Valle del Cauca. Durante la jornada, los asistentes participaron en exhibiciones, presentaciones [&hellip;]<\/p>\n","protected":false},"author":3,"featured_media":39073,"comment_status":"open","ping_status":"open","sticky":false,"template":"","format":"video","meta":{"footnotes":""},"categories":[10,1515],"tags":[],"class_list":["post-39039","post","type-post","status-publish","format-video","has-post-thumbnail","hentry","category-cnc-noticias-tulua","category-cnc-tulua","post_format-post-format-video"],"_links":{"self":[{"href":"https:\/\/cnctulua.tv\/index.php?rest_route=\/wp\/v2\/posts\/39039","targetHints":{"allow":["GET"]}}],"collection":[{"href":"https:\/\/cnctulua.tv\/index.php?rest_route=\/wp\/v2\/posts"}],"about":[{"href":"https:\/\/cnctulua.tv\/index.php?rest_route=\/wp\/v2\/types\/post"}],"author":[{"embeddable":true,"href":"https:\/\/cnctulua.tv\/index.php?rest_route=\/wp\/v2\/users\/3"}],"replies":[{"embeddable":true,"href":"https:\/\/cnctulua.tv\/index.php?rest_route=%2Fwp%2Fv2%2Fcomments&post=39039"}],"version-history":[{"count":1,"href":"https:\/\/cnctulua.tv\/index.php?rest_route=\/wp\/v2\/posts\/39039\/revisions"}],"predecessor-version":[{"id":39076,"href":"https:\/\/cnctulua.tv\/index.php?rest_route=\/wp\/v2\/posts\/39039\/revisions\/39076"}],"wp:featuredmedia":[{"embeddable":true,"href":"https:\/\/cnctulua.tv\/index.php?rest_route=\/wp\/v2\/media\/39073"}],"wp:attachment":[{"href":"https:\/\/cnctulua.tv\/index.php?rest_route=%2Fwp%2Fv2%2Fmedia&parent=39039"}],"wp:term":[{"taxonomy":"category","embeddable":true,"href":"https:\/\/cnctulua.tv\/index.php?rest_route=%2Fwp%2Fv2%2Fcategories&post=39039"},{"taxonomy":"post_tag","embeddable":true,"href":"https:\/\/cnctulua.tv\/index.php?rest_route=%2Fwp%2Fv2%2Ftags&post=39039"}],"curies":[{"name":"wp","href":"https:\/\/api.w.org\/{rel}","templated":true}]}}