{"id":39040,"date":"2025-11-06T16:49:36","date_gmt":"2025-11-06T16:49:36","guid":{"rendered":"https:\/\/cnctulua.tv\/?p=39040"},"modified":"2025-11-06T16:49:36","modified_gmt":"2025-11-06T16:49:36","slug":"colombo-farmaceutica-presento-balance-positivo-de-su-tercera-feria-empresarial-en-tulua","status":"publish","type":"post","link":"https:\/\/cnctulua.tv\/?p=39040","title":{"rendered":"Colombo Farmac\u00e9utica present\u00f3 balance positivo de su Tercera Feria Empresarial en Tulu\u00e1."},"content":{"rendered":"\n<p>La Tercera Feria Comercial y Empresarial de Colombo Farmac\u00e9utica S.A.S. se realiz\u00f3 en el Coliseo Manuel Victoria Rojas de Tulu\u00e1, consolid\u00e1ndose como uno de los eventos m\u00e1s importantes del sector farmac\u00e9utico en el centro del Valle del Cauca.<\/p>\n\n\n\n<figure class=\"wp-block-embed is-type-video is-provider-youtube wp-block-embed-youtube wp-embed-aspect-16-9 wp-has-aspect-ratio\"><div class=\"wp-block-embed__wrapper\">\n<iframe loading=\"lazy\" title=\"\ud83d\udcc8 Balance positivo de la Tercera Feria Empresarial Colombo Farmac\u00e9utica en Tulu\u00e1.\" width=\"640\" height=\"360\" src=\"https:\/\/www.youtube.com\/embed\/f0Z8C0nJdjI?feature=oembed\" frameborder=\"0\" allow=\"accelerometer; autoplay; clipboard-write; encrypted-media; gyroscope; picture-in-picture; web-share\" referrerpolicy=\"strict-origin-when-cross-origin\" allowfullscreen><\/iframe>\n<\/div><\/figure>\n\n\n\n<p>La jornada cont\u00f3 con la participaci\u00f3n de laboratorios nacionales e internacionales, aliados estrat\u00e9gicos, distribuidores y representantes del gremio farmac\u00e9utico, quienes conocieron las nuevas l\u00edneas de negocio y proyectos de expansi\u00f3n de la empresa.<\/p>\n\n\n\n<figure class=\"wp-block-image size-large\"><img loading=\"lazy\" decoding=\"async\" width=\"1024\" height=\"768\" src=\"https:\/\/cnctulua.tv\/wp-content\/uploads\/2025\/11\/WhatsApp-Image-2025-11-06-at-11.21.33-1-1024x768.jpeg\" alt=\"\" class=\"wp-image-39074\" srcset=\"https:\/\/cnctulua.tv\/wp-content\/uploads\/2025\/11\/WhatsApp-Image-2025-11-06-at-11.21.33-1-1024x768.jpeg 1024w, https:\/\/cnctulua.tv\/wp-content\/uploads\/2025\/11\/WhatsApp-Image-2025-11-06-at-11.21.33-1-300x225.jpeg 300w, https:\/\/cnctulua.tv\/wp-content\/uploads\/2025\/11\/WhatsApp-Image-2025-11-06-at-11.21.33-1-768x576.jpeg 768w, https:\/\/cnctulua.tv\/wp-content\/uploads\/2025\/11\/WhatsApp-Image-2025-11-06-at-11.21.33-1-1536x1152.jpeg 1536w, https:\/\/cnctulua.tv\/wp-content\/uploads\/2025\/11\/WhatsApp-Image-2025-11-06-at-11.21.33-1.jpeg 1600w\" sizes=\"auto, (max-width: 1024px) 100vw, 1024px\" \/><\/figure>\n\n\n\n<p>La gerente de la compa\u00f1\u00eda, Mar\u00eda Camila Londo\u00f1o, destac\u00f3 el \u00e9xito de la feria y el acompa\u00f1amiento de aliados como la C\u00e1mara de Comercio de Tulu\u00e1 y reconocidas marcas del sector.<\/p>\n\n\n\n<p>\u201cEl balance fue mejor de lo que esper\u00e1bamos. Tuvimos una asistencia incre\u00edble, con farmacias de Tulu\u00e1 y municipios cercanos, adem\u00e1s de clientes que participaron por medio de nuestras redes. Contamos con la presencia de la C\u00e1mara de Comercio y de laboratorios como Abbott, Tecnoqu\u00edmicas, M\u00e1ster, Vicar y Avalon, adem\u00e1s de nuestra nueva l\u00ednea veterinaria ColomboVet\u201d, se\u00f1al\u00f3 la gerente.<\/p>\n\n\n\n<p>Durante el evento, Colombo Farmac\u00e9utica tambi\u00e9n anunci\u00f3 su proceso de certificaci\u00f3n ISO 9001, con el prop\u00f3sito de fortalecer la calidad de sus procesos y ofrecer un servicio m\u00e1s eficiente y confiable.<\/p>\n\n\n\n<p>La jornada culmin\u00f3 con rifas, sorteos y un ambiente de integraci\u00f3n que incluy\u00f3 m\u00fasica en vivo. Entre los premios entregados estuvieron televisores, teatros en casa y una motocicleta.<\/p>\n\n\n\n<p>La empresa cerrar\u00e1 el a\u00f1o con la mirada puesta en su cuarta feria comercial y rueda de negocios 2026, que contar\u00e1 nuevamente con el respaldo de la C\u00e1mara de Comercio de Tulu\u00e1.<\/p>\n","protected":false},"excerpt":{"rendered":"<p>La Tercera Feria Comercial y Empresarial de Colombo Farmac\u00e9utica S.A.S. se realiz\u00f3 en el Coliseo Manuel Victoria Rojas de Tulu\u00e1, consolid\u00e1ndose como uno de los eventos m\u00e1s importantes del sector farmac\u00e9utico en el centro del Valle del Cauca. La jornada cont\u00f3 con la participaci\u00f3n de laboratorios nacionales e internacionales, aliados estrat\u00e9gicos, distribuidores y representantes del [&hellip;]<\/p>\n","protected":false},"author":3,"featured_media":39072,"comment_status":"open","ping_status":"open","sticky":false,"template":"","format":"video","meta":{"footnotes":""},"categories":[10,1515],"tags":[],"class_list":["post-39040","post","type-post","status-publish","format-video","has-post-thumbnail","hentry","category-cnc-noticias-tulua","category-cnc-tulua","post_format-post-format-video"],"_links":{"self":[{"href":"https:\/\/cnctulua.tv\/index.php?rest_route=\/wp\/v2\/posts\/39040","targetHints":{"allow":["GET"]}}],"collection":[{"href":"https:\/\/cnctulua.tv\/index.php?rest_route=\/wp\/v2\/posts"}],"about":[{"href":"https:\/\/cnctulua.tv\/index.php?rest_route=\/wp\/v2\/types\/post"}],"author":[{"embeddable":true,"href":"https:\/\/cnctulua.tv\/index.php?rest_route=\/wp\/v2\/users\/3"}],"replies":[{"embeddable":true,"href":"https:\/\/cnctulua.tv\/index.php?rest_route=%2Fwp%2Fv2%2Fcomments&post=39040"}],"version-history":[{"count":1,"href":"https:\/\/cnctulua.tv\/index.php?rest_route=\/wp\/v2\/posts\/39040\/revisions"}],"predecessor-version":[{"id":39075,"href":"https:\/\/cnctulua.tv\/index.php?rest_route=\/wp\/v2\/posts\/39040\/revisions\/39075"}],"wp:featuredmedia":[{"embeddable":true,"href":"https:\/\/cnctulua.tv\/index.php?rest_route=\/wp\/v2\/media\/39072"}],"wp:attachment":[{"href":"https:\/\/cnctulua.tv\/index.php?rest_route=%2Fwp%2Fv2%2Fmedia&parent=39040"}],"wp:term":[{"taxonomy":"category","embeddable":true,"href":"https:\/\/cnctulua.tv\/index.php?rest_route=%2Fwp%2Fv2%2Fcategories&post=39040"},{"taxonomy":"post_tag","embeddable":true,"href":"https:\/\/cnctulua.tv\/index.php?rest_route=%2Fwp%2Fv2%2Ftags&post=39040"}],"curies":[{"name":"wp","href":"https:\/\/api.w.org\/{rel}","templated":true}]}}