{"id":39049,"date":"2025-11-06T17:33:33","date_gmt":"2025-11-06T17:33:33","guid":{"rendered":"https:\/\/cnctulua.tv\/?p=39049"},"modified":"2025-11-06T17:33:33","modified_gmt":"2025-11-06T17:33:33","slug":"laboratorios-y-sector-salud-destacan-alianzas-con-colombo-farmaceutica-en-tulua","status":"publish","type":"post","link":"https:\/\/cnctulua.tv\/?p=39049","title":{"rendered":"Laboratorios y sector salud destacan alianzas con Colombo Farmac\u00e9utica en Tulu\u00e1."},"content":{"rendered":"\n<p>Durante la Tercera Feria Comercial y Empresarial de Colombo Farmac\u00e9utica S.A.S., desarrollada en el Coliseo Manuel Victoria Rojas de Tulu\u00e1, representantes del sector farmac\u00e9utico y hospitalario destacaron la importancia de fortalecer las alianzas comerciales para garantizar la calidad y continuidad en la prestaci\u00f3n de servicios de salud.<\/p>\n\n\n\n<figure class=\"wp-block-embed is-type-video is-provider-youtube wp-block-embed-youtube wp-embed-aspect-16-9 wp-has-aspect-ratio\"><div class=\"wp-block-embed__wrapper\">\nhttps:\/\/youtu.be\/Kfh22Y_Ugbc\n<\/div><\/figure>\n\n\n\n<p>El gerente de distrito de Vicar Farmac\u00e9utica S.A., William Vega, explic\u00f3 que esta compa\u00f1\u00eda nacional, con presencia internacional en 12 pa\u00edses, mantiene una alianza estrat\u00e9gica con Colombo Farmac\u00e9utica y su divisi\u00f3n veterinaria ColomboVet, con la cual busca ampliar la oferta de medicamentos tanto en l\u00ednea humana como animal.<\/p>\n\n\n\n<p>Por su parte, la gerente del Hospital Local de Yotoco, Vivian Lorena Marulanda Contreras, se\u00f1al\u00f3 que gracias a la relaci\u00f3n comercial con Colombo Farmac\u00e9utica, el centro asistencial ha logrado mejorar la disponibilidad de medicamentos, la calidad en la atenci\u00f3n y alcanzar estabilidad financiera.<\/p>\n\n\n\n<p>Ambos coincidieron en la importancia de promover encuentros empresariales que consoliden la confianza entre laboratorios, distribuidores y hospitales del Valle del Cauca.<\/p>\n","protected":false},"excerpt":{"rendered":"<p>Durante la Tercera Feria Comercial y Empresarial de Colombo Farmac\u00e9utica S.A.S., desarrollada en el Coliseo Manuel Victoria Rojas de Tulu\u00e1, representantes del sector farmac\u00e9utico y hospitalario destacaron la importancia de fortalecer las alianzas comerciales para garantizar la calidad y continuidad en la prestaci\u00f3n de servicios de salud. El gerente de distrito de Vicar Farmac\u00e9utica S.A., [&hellip;]<\/p>\n","protected":false},"author":3,"featured_media":39071,"comment_status":"open","ping_status":"open","sticky":false,"template":"","format":"video","meta":{"footnotes":""},"categories":[10,1515],"tags":[],"class_list":["post-39049","post","type-post","status-publish","format-video","has-post-thumbnail","hentry","category-cnc-noticias-tulua","category-cnc-tulua","post_format-post-format-video"],"_links":{"self":[{"href":"https:\/\/cnctulua.tv\/index.php?rest_route=\/wp\/v2\/posts\/39049","targetHints":{"allow":["GET"]}}],"collection":[{"href":"https:\/\/cnctulua.tv\/index.php?rest_route=\/wp\/v2\/posts"}],"about":[{"href":"https:\/\/cnctulua.tv\/index.php?rest_route=\/wp\/v2\/types\/post"}],"author":[{"embeddable":true,"href":"https:\/\/cnctulua.tv\/index.php?rest_route=\/wp\/v2\/users\/3"}],"replies":[{"embeddable":true,"href":"https:\/\/cnctulua.tv\/index.php?rest_route=%2Fwp%2Fv2%2Fcomments&post=39049"}],"version-history":[{"count":1,"href":"https:\/\/cnctulua.tv\/index.php?rest_route=\/wp\/v2\/posts\/39049\/revisions"}],"predecessor-version":[{"id":39079,"href":"https:\/\/cnctulua.tv\/index.php?rest_route=\/wp\/v2\/posts\/39049\/revisions\/39079"}],"wp:featuredmedia":[{"embeddable":true,"href":"https:\/\/cnctulua.tv\/index.php?rest_route=\/wp\/v2\/media\/39071"}],"wp:attachment":[{"href":"https:\/\/cnctulua.tv\/index.php?rest_route=%2Fwp%2Fv2%2Fmedia&parent=39049"}],"wp:term":[{"taxonomy":"category","embeddable":true,"href":"https:\/\/cnctulua.tv\/index.php?rest_route=%2Fwp%2Fv2%2Fcategories&post=39049"},{"taxonomy":"post_tag","embeddable":true,"href":"https:\/\/cnctulua.tv\/index.php?rest_route=%2Fwp%2Fv2%2Ftags&post=39049"}],"curies":[{"name":"wp","href":"https:\/\/api.w.org\/{rel}","templated":true}]}}