{"id":39054,"date":"2025-11-06T18:15:27","date_gmt":"2025-11-06T18:15:27","guid":{"rendered":"https:\/\/cnctulua.tv\/?p=39054"},"modified":"2025-11-06T18:15:27","modified_gmt":"2025-11-06T18:15:27","slug":"restaurante-picapiedra-y-la-uceva-reconocidos-por-su-aporte-al-desarrollo-de-tulua","status":"publish","type":"post","link":"https:\/\/cnctulua.tv\/?p=39054","title":{"rendered":"Restaurante Picapiedra y la UCEVA, reconocidos por su aporte al desarrollo de Tulu\u00e1."},"content":{"rendered":"\n<p>El Concejo Municipal destac\u00f3 la trayectoria de la empresaria Ana Pastora Santo Fini\u00f3 y del rector Juan Carlos Urriago por su contribuci\u00f3n al progreso econ\u00f3mico y educativo de la regi\u00f3n.<\/p>\n\n\n\n<figure class=\"wp-block-embed is-type-video is-provider-youtube wp-block-embed-youtube wp-embed-aspect-16-9 wp-has-aspect-ratio\"><div class=\"wp-block-embed__wrapper\">\n<iframe loading=\"lazy\" title=\"\ud83c\udf7d\ufe0fConcejo de Tulu\u00e1 reconoce trayectoria del restaurante Picapiedra y la UCEVA. \ud83d\udcda\" width=\"640\" height=\"360\" src=\"https:\/\/www.youtube.com\/embed\/J0ojH3xO0sk?feature=oembed\" frameborder=\"0\" allow=\"accelerometer; autoplay; clipboard-write; encrypted-media; gyroscope; picture-in-picture; web-share\" referrerpolicy=\"strict-origin-when-cross-origin\" allowfullscreen><\/iframe>\n<\/div><\/figure>\n\n\n\n<p>Durante la m\u00e1s reciente sesi\u00f3n del Concejo Municipal de Tulu\u00e1, se realizaron varios reconocimientos a figuras locales que han contribuido al crecimiento del municipio. Entre los homenajeados estuvieron Ana Pastora Santo Fini\u00f3, propietaria del tradicional restaurante Picapiedra, y el rector de la UCEVA, Juan Carlos Urriago.<\/p>\n\n\n\n<p>Santo Fini\u00f3 manifest\u00f3 su orgullo por recibir la condecoraci\u00f3n, recordando los m\u00e1s de 57 a\u00f1os de historia del negocio familiar que ha pasado por tres generaciones y se mantiene como referente de la gastronom\u00eda tulue\u00f1a.<\/p>\n\n\n\n<p>Por su parte, el rector Urriago se\u00f1al\u00f3 que este homenaje representa el esfuerzo de toda la comunidad acad\u00e9mica por consolidar a la UCEVA como una instituci\u00f3n l\u00edder en formaci\u00f3n superior.<\/p>\n\n\n\n<p>\u201cEl reconocimiento refleja m\u00e1s de cinco d\u00e9cadas de trabajo comprometido. Hoy somos referentes en programas acad\u00e9micos, investigaci\u00f3n y tecnolog\u00eda educativa\u201d, afirm\u00f3.<\/p>\n\n\n\n<p>Entre los avances recientes de la universidad se destacan el proyecto \u201cUCEVA Cu\u00e1ntica\u201d, que incorporar\u00e1 un computador cu\u00e1ntico para fortalecer la ense\u00f1anza en ingenier\u00eda, y la apertura de nuevas especializaciones en log\u00edstica y mercados financieros.<\/p>\n\n\n\n<p>Con m\u00e1s de 17.000 egresados y presencia nacional e internacional, la UCEVA contin\u00faa consolid\u00e1ndose como una instituci\u00f3n clave en el desarrollo acad\u00e9mico y social del Valle del Cauca.<\/p>\n","protected":false},"excerpt":{"rendered":"<p>El Concejo Municipal destac\u00f3 la trayectoria de la empresaria Ana Pastora Santo Fini\u00f3 y del rector Juan Carlos Urriago por su contribuci\u00f3n al progreso econ\u00f3mico y educativo de la regi\u00f3n. Durante la m\u00e1s reciente sesi\u00f3n del Concejo Municipal de Tulu\u00e1, se realizaron varios reconocimientos a figuras locales que han contribuido al crecimiento del municipio. Entre [&hellip;]<\/p>\n","protected":false},"author":3,"featured_media":39077,"comment_status":"open","ping_status":"open","sticky":false,"template":"","format":"video","meta":{"footnotes":""},"categories":[10,1515],"tags":[],"class_list":["post-39054","post","type-post","status-publish","format-video","has-post-thumbnail","hentry","category-cnc-noticias-tulua","category-cnc-tulua","post_format-post-format-video"],"_links":{"self":[{"href":"https:\/\/cnctulua.tv\/index.php?rest_route=\/wp\/v2\/posts\/39054","targetHints":{"allow":["GET"]}}],"collection":[{"href":"https:\/\/cnctulua.tv\/index.php?rest_route=\/wp\/v2\/posts"}],"about":[{"href":"https:\/\/cnctulua.tv\/index.php?rest_route=\/wp\/v2\/types\/post"}],"author":[{"embeddable":true,"href":"https:\/\/cnctulua.tv\/index.php?rest_route=\/wp\/v2\/users\/3"}],"replies":[{"embeddable":true,"href":"https:\/\/cnctulua.tv\/index.php?rest_route=%2Fwp%2Fv2%2Fcomments&post=39054"}],"version-history":[{"count":1,"href":"https:\/\/cnctulua.tv\/index.php?rest_route=\/wp\/v2\/posts\/39054\/revisions"}],"predecessor-version":[{"id":39088,"href":"https:\/\/cnctulua.tv\/index.php?rest_route=\/wp\/v2\/posts\/39054\/revisions\/39088"}],"wp:featuredmedia":[{"embeddable":true,"href":"https:\/\/cnctulua.tv\/index.php?rest_route=\/wp\/v2\/media\/39077"}],"wp:attachment":[{"href":"https:\/\/cnctulua.tv\/index.php?rest_route=%2Fwp%2Fv2%2Fmedia&parent=39054"}],"wp:term":[{"taxonomy":"category","embeddable":true,"href":"https:\/\/cnctulua.tv\/index.php?rest_route=%2Fwp%2Fv2%2Fcategories&post=39054"},{"taxonomy":"post_tag","embeddable":true,"href":"https:\/\/cnctulua.tv\/index.php?rest_route=%2Fwp%2Fv2%2Ftags&post=39054"}],"curies":[{"name":"wp","href":"https:\/\/api.w.org\/{rel}","templated":true}]}}