{"id":39084,"date":"2025-11-06T18:19:47","date_gmt":"2025-11-06T18:19:47","guid":{"rendered":"https:\/\/cnctulua.tv\/?p=39084"},"modified":"2025-11-06T18:19:47","modified_gmt":"2025-11-06T18:19:47","slug":"concejo-de-tulua-reconoce-aportes-sociales-educativos-y-culturales-de-lideres-e-instituciones","status":"publish","type":"post","link":"https:\/\/cnctulua.tv\/?p=39084","title":{"rendered":"Concejo de Tulu\u00e1 reconoce aportes sociales, educativos y culturales de l\u00edderes e instituciones."},"content":{"rendered":"\n<p>En las instalaciones del Concejo Municipal de Tulu\u00e1 se llev\u00f3 a cabo un acto de reconocimiento a personalidades e instituciones que se han destacado por su compromiso con el desarrollo de la ciudad.<\/p>\n\n\n\n<figure class=\"wp-block-embed is-type-video is-provider-youtube wp-block-embed-youtube wp-embed-aspect-16-9 wp-has-aspect-ratio\"><div class=\"wp-block-embed__wrapper\">\n<iframe loading=\"lazy\" title=\"\ud83c\udfa5 \ud83d\udc4f\ud83d\udc9b\ud83d\udc99\u2764\ufe0f Concejo de Tulu\u00e1 entrega reconocimientos por aportes al desarrollo social y cultural.\" width=\"640\" height=\"360\" src=\"https:\/\/www.youtube.com\/embed\/WkuQ5yJEGBg?feature=oembed\" frameborder=\"0\" allow=\"accelerometer; autoplay; clipboard-write; encrypted-media; gyroscope; picture-in-picture; web-share\" referrerpolicy=\"strict-origin-when-cross-origin\" allowfullscreen><\/iframe>\n<\/div><\/figure>\n\n\n\n<p>El concejal proponente explic\u00f3 que la distinci\u00f3n al rector de la Unidad Central del Valle del Cauca, Juan Carlos Urriago, obedece al crecimiento y posicionamiento de la universidad, creada por acuerdo municipal, y al aporte acad\u00e9mico que ha representado para la regi\u00f3n.<\/p>\n\n\n\n<p>Durante la jornada tambi\u00e9n se reconoci\u00f3 al restaurante Picapiedra por su trayectoria y al aporte que ha hecho a la identidad tulue\u00f1a.<\/p>\n\n\n\n<p>Por su parte, la diputada del Valle del Cauca, Lina Mar\u00eda Segura, recibi\u00f3 un reconocimiento por su trayectoria p\u00fablica y su trabajo por las mujeres, los campesinos y las comunidades vulnerables. \u201cRecibo este reconocimiento con humildad y gratitud. Es una muestra de que hemos trabajado con compromiso y responsabilidad por el progreso de Tulu\u00e1 y el Valle del Cauca\u201d, expres\u00f3 la diputada.<\/p>\n\n\n\n<p>Segura destac\u00f3 adem\u00e1s la importancia de continuar fortaleciendo la participaci\u00f3n de las mujeres en la pol\u00edtica y en la toma de decisiones.<\/p>\n\n\n\n<p>El acto culmin\u00f3 con un mensaje de unidad institucional y de respaldo a quienes, desde distintos \u00e1mbitos, contribuyen al desarrollo social y cultural del municipio.<\/p>\n","protected":false},"excerpt":{"rendered":"<p>En las instalaciones del Concejo Municipal de Tulu\u00e1 se llev\u00f3 a cabo un acto de reconocimiento a personalidades e instituciones que se han destacado por su compromiso con el desarrollo de la ciudad. El concejal proponente explic\u00f3 que la distinci\u00f3n al rector de la Unidad Central del Valle del Cauca, Juan Carlos Urriago, obedece al [&hellip;]<\/p>\n","protected":false},"author":3,"featured_media":39077,"comment_status":"open","ping_status":"open","sticky":false,"template":"","format":"video","meta":{"footnotes":""},"categories":[1],"tags":[],"class_list":["post-39084","post","type-post","status-publish","format-video","has-post-thumbnail","hentry","category-uncategorized","post_format-post-format-video"],"_links":{"self":[{"href":"https:\/\/cnctulua.tv\/index.php?rest_route=\/wp\/v2\/posts\/39084","targetHints":{"allow":["GET"]}}],"collection":[{"href":"https:\/\/cnctulua.tv\/index.php?rest_route=\/wp\/v2\/posts"}],"about":[{"href":"https:\/\/cnctulua.tv\/index.php?rest_route=\/wp\/v2\/types\/post"}],"author":[{"embeddable":true,"href":"https:\/\/cnctulua.tv\/index.php?rest_route=\/wp\/v2\/users\/3"}],"replies":[{"embeddable":true,"href":"https:\/\/cnctulua.tv\/index.php?rest_route=%2Fwp%2Fv2%2Fcomments&post=39084"}],"version-history":[{"count":1,"href":"https:\/\/cnctulua.tv\/index.php?rest_route=\/wp\/v2\/posts\/39084\/revisions"}],"predecessor-version":[{"id":39090,"href":"https:\/\/cnctulua.tv\/index.php?rest_route=\/wp\/v2\/posts\/39084\/revisions\/39090"}],"wp:featuredmedia":[{"embeddable":true,"href":"https:\/\/cnctulua.tv\/index.php?rest_route=\/wp\/v2\/media\/39077"}],"wp:attachment":[{"href":"https:\/\/cnctulua.tv\/index.php?rest_route=%2Fwp%2Fv2%2Fmedia&parent=39084"}],"wp:term":[{"taxonomy":"category","embeddable":true,"href":"https:\/\/cnctulua.tv\/index.php?rest_route=%2Fwp%2Fv2%2Fcategories&post=39084"},{"taxonomy":"post_tag","embeddable":true,"href":"https:\/\/cnctulua.tv\/index.php?rest_route=%2Fwp%2Fv2%2Ftags&post=39084"}],"curies":[{"name":"wp","href":"https:\/\/api.w.org\/{rel}","templated":true}]}}