{"id":39107,"date":"2025-11-07T18:21:28","date_gmt":"2025-11-07T18:21:28","guid":{"rendered":"https:\/\/cnctulua.tv\/?p=39107"},"modified":"2025-11-07T18:21:28","modified_gmt":"2025-11-07T18:21:28","slug":"ejercito-capturo-a-cabecilla-del-gao-r-jaime-martinez-aliado-de-alias-mordisco","status":"publish","type":"post","link":"https:\/\/cnctulua.tv\/?p=39107","title":{"rendered":"Ej\u00e9rcito captur\u00f3 a cabecilla del GAO-r Jaime Mart\u00ednez, aliado de alias Mordisco."},"content":{"rendered":"\n<p>En una operaci\u00f3n de inteligencia interinstitucional, tropas del Ej\u00e9rcito Nacional y agentes del CTI de la Fiscal\u00eda lograron la captura de Luis Edinson Bastidas V\u00e1squez, alias Gael, se\u00f1alado cabecilla de las redes de apoyo del grupo armado organizado residual (GAO-r) Estructura Jaime Mart\u00ednez.<\/p>\n\n\n\n<figure class=\"wp-block-embed is-type-video is-provider-youtube wp-block-embed-youtube wp-embed-aspect-16-9 wp-has-aspect-ratio\"><div class=\"wp-block-embed__wrapper\">\n<iframe loading=\"lazy\" title=\"\ud83c\udfa5 Ej\u00e9rcito captura a alias Gael, cabecilla del GAO-r Jaime Mart\u00ednez.\" width=\"640\" height=\"360\" src=\"https:\/\/www.youtube.com\/embed\/LVuG4UE9DlA?feature=oembed\" frameborder=\"0\" allow=\"accelerometer; autoplay; clipboard-write; encrypted-media; gyroscope; picture-in-picture; web-share\" referrerpolicy=\"strict-origin-when-cross-origin\" allowfullscreen><\/iframe>\n<\/div><\/figure>\n\n\n\n<p>La detenci\u00f3n se realiz\u00f3 en zona rural de Cundinamarca, como resultado del trabajo articulado entre el Gaula Militar Valle del Cauca, la Tercera Brigada y unidades de Inteligencia Militar, en el marco del Plan de Campa\u00f1a Estrat\u00e9gico Conjunto Ayacucho Plus.<\/p>\n\n\n\n<figure class=\"wp-block-image size-large\"><img loading=\"lazy\" decoding=\"async\" width=\"1024\" height=\"768\" src=\"https:\/\/cnctulua.tv\/wp-content\/uploads\/2025\/11\/apoyos-CAPTURAN-CABECILLA-3-1024x768.jpeg\" alt=\"\" class=\"wp-image-39136\" srcset=\"https:\/\/cnctulua.tv\/wp-content\/uploads\/2025\/11\/apoyos-CAPTURAN-CABECILLA-3-1024x768.jpeg 1024w, https:\/\/cnctulua.tv\/wp-content\/uploads\/2025\/11\/apoyos-CAPTURAN-CABECILLA-3-300x225.jpeg 300w, https:\/\/cnctulua.tv\/wp-content\/uploads\/2025\/11\/apoyos-CAPTURAN-CABECILLA-3-768x576.jpeg 768w, https:\/\/cnctulua.tv\/wp-content\/uploads\/2025\/11\/apoyos-CAPTURAN-CABECILLA-3.jpeg 1280w\" sizes=\"auto, (max-width: 1024px) 100vw, 1024px\" \/><\/figure>\n\n\n\n<p>Alias Gael es investigado por los delitos de terrorismo, homicidio agravado y concierto para delinquir, y estar\u00eda implicado en acciones terroristas registradas en Cali y Jamund\u00ed, as\u00ed como en el secuestro del menor Lyan Hort\u00faa, ocurrido en el corregimiento de Villacolombia.<\/p>\n\n\n\n<p>Seg\u00fan labores de inteligencia, el detenido coordinaba actividades armadas, de adoctrinamiento y reclutamiento de menores, adem\u00e1s de la planeaci\u00f3n de ataques contra la Fuerza P\u00fablica y la poblaci\u00f3n civil.<\/p>\n\n\n\n<p>En su prontuario se incluyen hostigamientos a la estaci\u00f3n de Polic\u00eda de Dagua, la base militar de Anchicay\u00e1 y el atentado contra el CAI del barrio El Rodeo en Jamund\u00ed. Tambi\u00e9n se le atribuye la preparaci\u00f3n de una volqueta cargada con explosivos dirigida contra una base militar en Palmira.<\/p>\n\n\n\n<p>El Ej\u00e9rcito Nacional inform\u00f3 que el capturado fue puesto a disposici\u00f3n de las autoridades competentes y reiter\u00f3 su llamado a la ciudadan\u00eda para denunciar cualquier actividad criminal a trav\u00e9s de las l\u00edneas 107 Antiterrorismo, 147 Gaula Militar y 141 Contra el Reclutamiento Infantil.<\/p>\n","protected":false},"excerpt":{"rendered":"<p>En una operaci\u00f3n de inteligencia interinstitucional, tropas del Ej\u00e9rcito Nacional y agentes del CTI de la Fiscal\u00eda lograron la captura de Luis Edinson Bastidas V\u00e1squez, alias Gael, se\u00f1alado cabecilla de las redes de apoyo del grupo armado organizado residual (GAO-r) Estructura Jaime Mart\u00ednez. La detenci\u00f3n se realiz\u00f3 en zona rural de Cundinamarca, como resultado del [&hellip;]<\/p>\n","protected":false},"author":3,"featured_media":39135,"comment_status":"open","ping_status":"open","sticky":false,"template":"","format":"video","meta":{"footnotes":""},"categories":[10,1515],"tags":[],"class_list":["post-39107","post","type-post","status-publish","format-video","has-post-thumbnail","hentry","category-cnc-noticias-tulua","category-cnc-tulua","post_format-post-format-video"],"_links":{"self":[{"href":"https:\/\/cnctulua.tv\/index.php?rest_route=\/wp\/v2\/posts\/39107","targetHints":{"allow":["GET"]}}],"collection":[{"href":"https:\/\/cnctulua.tv\/index.php?rest_route=\/wp\/v2\/posts"}],"about":[{"href":"https:\/\/cnctulua.tv\/index.php?rest_route=\/wp\/v2\/types\/post"}],"author":[{"embeddable":true,"href":"https:\/\/cnctulua.tv\/index.php?rest_route=\/wp\/v2\/users\/3"}],"replies":[{"embeddable":true,"href":"https:\/\/cnctulua.tv\/index.php?rest_route=%2Fwp%2Fv2%2Fcomments&post=39107"}],"version-history":[{"count":1,"href":"https:\/\/cnctulua.tv\/index.php?rest_route=\/wp\/v2\/posts\/39107\/revisions"}],"predecessor-version":[{"id":39137,"href":"https:\/\/cnctulua.tv\/index.php?rest_route=\/wp\/v2\/posts\/39107\/revisions\/39137"}],"wp:featuredmedia":[{"embeddable":true,"href":"https:\/\/cnctulua.tv\/index.php?rest_route=\/wp\/v2\/media\/39135"}],"wp:attachment":[{"href":"https:\/\/cnctulua.tv\/index.php?rest_route=%2Fwp%2Fv2%2Fmedia&parent=39107"}],"wp:term":[{"taxonomy":"category","embeddable":true,"href":"https:\/\/cnctulua.tv\/index.php?rest_route=%2Fwp%2Fv2%2Fcategories&post=39107"},{"taxonomy":"post_tag","embeddable":true,"href":"https:\/\/cnctulua.tv\/index.php?rest_route=%2Fwp%2Fv2%2Ftags&post=39107"}],"curies":[{"name":"wp","href":"https:\/\/api.w.org\/{rel}","templated":true}]}}