{"id":39115,"date":"2025-11-07T18:34:46","date_gmt":"2025-11-07T18:34:46","guid":{"rendered":"https:\/\/cnctulua.tv\/?p=39115"},"modified":"2025-11-07T18:34:46","modified_gmt":"2025-11-07T18:34:46","slug":"autorizan-vigencias-futuras-para-avanzar-en-el-tren-de-cercanias-del-valle","status":"publish","type":"post","link":"https:\/\/cnctulua.tv\/?p=39115","title":{"rendered":"Autorizan vigencias futuras para avanzar en el Tren de Cercan\u00edas del Valle."},"content":{"rendered":"\n<p>Con la aprobaci\u00f3n de las vigencias futuras por parte del Concejo de Cali, el Gobierno del Valle del Cauca y los municipios de Cali y Jamund\u00ed cumplieron con los requisitos t\u00e9cnicos y financieros que representan el 30% del aporte regional al Tren de Cercan\u00edas.<\/p>\n\n\n\n<figure class=\"wp-block-embed is-type-video is-provider-youtube wp-block-embed-youtube wp-embed-aspect-16-9 wp-has-aspect-ratio\"><div class=\"wp-block-embed__wrapper\">\nhttps:\/\/youtu.be\/vys9XArzdKA\n<\/div><\/figure>\n\n\n\n<p>La gobernadora Dilian Francisca Toro confirm\u00f3 que el paso siguiente ser\u00e1 la firma del convenio de cofinanciaci\u00f3n con el Gobierno Nacional.<\/p>\n\n\n\n<p>\u201cYa contamos con los recursos, los avales t\u00e9cnicos y la disposici\u00f3n de las administraciones locales. Solo falta la firma del Gobierno Nacional para avanzar en la ejecuci\u00f3n del proyecto\u201d, se\u00f1al\u00f3 la mandataria.<\/p>\n\n\n\n<p>El Tren de Cercan\u00edas ha sido un proceso de gobernanza colaborativa durante casi una d\u00e9cada, con la participaci\u00f3n de la comunidad, el sector privado, la Uni\u00f3n Europea y los entes de control, quienes acompa\u00f1ar\u00e1n su desarrollo y garantizar\u00e1n la transparencia en su ejecuci\u00f3n.<\/p>\n\n\n\n<p>La Gobernadora destac\u00f3 que, una vez firmado el convenio, se consolidar\u00e1 un esquema de gobernanza conjunta entre las autoridades regionales y los aliados estrat\u00e9gicos.<\/p>\n\n\n\n<p>\u201cEl tren es una apuesta por la sostenibilidad ambiental, la movilidad limpia y el bienestar ciudadano. Si el Gobierno Nacional no firma el convenio pronto, el proyecto podr\u00eda retrasarse hasta dos a\u00f1os, afectando la generaci\u00f3n de m\u00e1s de 14.500 empleos\u201d, advirti\u00f3.<\/p>\n\n\n\n<p>El Tren de Cercan\u00edas del Valle del Cauca se proyecta como una obra clave para el desarrollo sostenible y la competitividad del suroccidente colombiano.<\/p>\n","protected":false},"excerpt":{"rendered":"<p>Con la aprobaci\u00f3n de las vigencias futuras por parte del Concejo de Cali, el Gobierno del Valle del Cauca y los municipios de Cali y Jamund\u00ed cumplieron con los requisitos t\u00e9cnicos y financieros que representan el 30% del aporte regional al Tren de Cercan\u00edas. La gobernadora Dilian Francisca Toro confirm\u00f3 que el paso siguiente ser\u00e1 [&hellip;]<\/p>\n","protected":false},"author":3,"featured_media":39129,"comment_status":"open","ping_status":"open","sticky":false,"template":"","format":"video","meta":{"footnotes":""},"categories":[10,1515],"tags":[],"class_list":["post-39115","post","type-post","status-publish","format-video","has-post-thumbnail","hentry","category-cnc-noticias-tulua","category-cnc-tulua","post_format-post-format-video"],"_links":{"self":[{"href":"https:\/\/cnctulua.tv\/index.php?rest_route=\/wp\/v2\/posts\/39115","targetHints":{"allow":["GET"]}}],"collection":[{"href":"https:\/\/cnctulua.tv\/index.php?rest_route=\/wp\/v2\/posts"}],"about":[{"href":"https:\/\/cnctulua.tv\/index.php?rest_route=\/wp\/v2\/types\/post"}],"author":[{"embeddable":true,"href":"https:\/\/cnctulua.tv\/index.php?rest_route=\/wp\/v2\/users\/3"}],"replies":[{"embeddable":true,"href":"https:\/\/cnctulua.tv\/index.php?rest_route=%2Fwp%2Fv2%2Fcomments&post=39115"}],"version-history":[{"count":1,"href":"https:\/\/cnctulua.tv\/index.php?rest_route=\/wp\/v2\/posts\/39115\/revisions"}],"predecessor-version":[{"id":39140,"href":"https:\/\/cnctulua.tv\/index.php?rest_route=\/wp\/v2\/posts\/39115\/revisions\/39140"}],"wp:featuredmedia":[{"embeddable":true,"href":"https:\/\/cnctulua.tv\/index.php?rest_route=\/wp\/v2\/media\/39129"}],"wp:attachment":[{"href":"https:\/\/cnctulua.tv\/index.php?rest_route=%2Fwp%2Fv2%2Fmedia&parent=39115"}],"wp:term":[{"taxonomy":"category","embeddable":true,"href":"https:\/\/cnctulua.tv\/index.php?rest_route=%2Fwp%2Fv2%2Fcategories&post=39115"},{"taxonomy":"post_tag","embeddable":true,"href":"https:\/\/cnctulua.tv\/index.php?rest_route=%2Fwp%2Fv2%2Ftags&post=39115"}],"curies":[{"name":"wp","href":"https:\/\/api.w.org\/{rel}","templated":true}]}}