{"id":39168,"date":"2025-11-10T17:33:24","date_gmt":"2025-11-10T17:33:24","guid":{"rendered":"https:\/\/cnctulua.tv\/?p=39168"},"modified":"2025-11-10T17:33:24","modified_gmt":"2025-11-10T17:33:24","slug":"saberes-ancestrales-fortalecen-la-interculturalidad-en-tulua","status":"publish","type":"post","link":"https:\/\/cnctulua.tv\/?p=39168","title":{"rendered":"Saberes ancestrales fortalecen la interculturalidad en Tulu\u00e1."},"content":{"rendered":"\n<p>En un trabajo conjunto entre la Unidad Central del Valle del Cauca (UCEVA) y la Administraci\u00f3n Municipal, se desarroll\u00f3 el III Encuentro de Saberes Ancestrales Ind\u00edgenas, un espacio de di\u00e1logo y reflexi\u00f3n sobre la preservaci\u00f3n de las tradiciones de los pueblos originarios del municipio.<\/p>\n\n\n\n<figure class=\"wp-block-embed is-type-video is-provider-youtube wp-block-embed-youtube wp-embed-aspect-16-9 wp-has-aspect-ratio\"><div class=\"wp-block-embed__wrapper\">\nhttps:\/\/youtu.be\/b7sXVOfqhhw\n<\/div><\/figure>\n\n\n\n<p>La jornada, realizada en el Auditorio de la Facultad de Ciencias Jur\u00eddicas y Human\u00edsticas de la UCEVA, cont\u00f3 con la participaci\u00f3n de representantes de cabildos ind\u00edgenas, docentes, estudiantes y comunidad en general, quienes compartieron conocimientos, pr\u00e1cticas y expresiones culturales que fortalecen la identidad colectiva.<\/p>\n\n\n\n<figure class=\"wp-block-image size-large\"><img loading=\"lazy\" decoding=\"async\" width=\"768\" height=\"1024\" src=\"https:\/\/cnctulua.tv\/wp-content\/uploads\/2025\/11\/apoyos-SABERES-ANCESTRALES-1-768x1024.jpeg\" alt=\"\" class=\"wp-image-39181\" srcset=\"https:\/\/cnctulua.tv\/wp-content\/uploads\/2025\/11\/apoyos-SABERES-ANCESTRALES-1-768x1024.jpeg 768w, https:\/\/cnctulua.tv\/wp-content\/uploads\/2025\/11\/apoyos-SABERES-ANCESTRALES-1-225x300.jpeg 225w, https:\/\/cnctulua.tv\/wp-content\/uploads\/2025\/11\/apoyos-SABERES-ANCESTRALES-1.jpeg 960w\" sizes=\"auto, (max-width: 768px) 100vw, 768px\" \/><\/figure>\n\n\n\n<p>El evento hizo parte del proyecto de investigaci\u00f3n \u201cGarant\u00eda de Derechos e Identidad Cultural de las Comunidades Ind\u00edgenas del Municipio de Tulu\u00e1 \u2013 Fase III\u201d, liderado por el Consultorio Jur\u00eddico de la Facultad.<\/p>\n\n\n\n<p>Estas iniciativas buscan garantizar la participaci\u00f3n activa de las comunidades ind\u00edgenas y fomentar el respeto por la diversidad \u00e9tnica y cultural en la regi\u00f3n.<\/p>\n","protected":false},"excerpt":{"rendered":"<p>En un trabajo conjunto entre la Unidad Central del Valle del Cauca (UCEVA) y la Administraci\u00f3n Municipal, se desarroll\u00f3 el III Encuentro de Saberes Ancestrales Ind\u00edgenas, un espacio de di\u00e1logo y reflexi\u00f3n sobre la preservaci\u00f3n de las tradiciones de los pueblos originarios del municipio. La jornada, realizada en el Auditorio de la Facultad de Ciencias [&hellip;]<\/p>\n","protected":false},"author":3,"featured_media":39187,"comment_status":"open","ping_status":"open","sticky":false,"template":"","format":"video","meta":{"footnotes":""},"categories":[1],"tags":[],"class_list":["post-39168","post","type-post","status-publish","format-video","has-post-thumbnail","hentry","category-uncategorized","post_format-post-format-video"],"_links":{"self":[{"href":"https:\/\/cnctulua.tv\/index.php?rest_route=\/wp\/v2\/posts\/39168","targetHints":{"allow":["GET"]}}],"collection":[{"href":"https:\/\/cnctulua.tv\/index.php?rest_route=\/wp\/v2\/posts"}],"about":[{"href":"https:\/\/cnctulua.tv\/index.php?rest_route=\/wp\/v2\/types\/post"}],"author":[{"embeddable":true,"href":"https:\/\/cnctulua.tv\/index.php?rest_route=\/wp\/v2\/users\/3"}],"replies":[{"embeddable":true,"href":"https:\/\/cnctulua.tv\/index.php?rest_route=%2Fwp%2Fv2%2Fcomments&post=39168"}],"version-history":[{"count":1,"href":"https:\/\/cnctulua.tv\/index.php?rest_route=\/wp\/v2\/posts\/39168\/revisions"}],"predecessor-version":[{"id":39192,"href":"https:\/\/cnctulua.tv\/index.php?rest_route=\/wp\/v2\/posts\/39168\/revisions\/39192"}],"wp:featuredmedia":[{"embeddable":true,"href":"https:\/\/cnctulua.tv\/index.php?rest_route=\/wp\/v2\/media\/39187"}],"wp:attachment":[{"href":"https:\/\/cnctulua.tv\/index.php?rest_route=%2Fwp%2Fv2%2Fmedia&parent=39168"}],"wp:term":[{"taxonomy":"category","embeddable":true,"href":"https:\/\/cnctulua.tv\/index.php?rest_route=%2Fwp%2Fv2%2Fcategories&post=39168"},{"taxonomy":"post_tag","embeddable":true,"href":"https:\/\/cnctulua.tv\/index.php?rest_route=%2Fwp%2Fv2%2Ftags&post=39168"}],"curies":[{"name":"wp","href":"https:\/\/api.w.org\/{rel}","templated":true}]}}