{"id":39220,"date":"2025-11-11T15:06:51","date_gmt":"2025-11-11T15:06:51","guid":{"rendered":"https:\/\/cnctulua.tv\/?p=39220"},"modified":"2025-11-11T15:06:51","modified_gmt":"2025-11-11T15:06:51","slug":"concejo-de-tulua-avanza-en-debate-sobre-flor-endemica-del-municipio","status":"publish","type":"post","link":"https:\/\/cnctulua.tv\/?p=39220","title":{"rendered":"Concejo de Tulu\u00e1 avanza en debate sobre flor end\u00e9mica del municipio."},"content":{"rendered":"\n<p>El Concejo Municipal de Tulu\u00e1 realiz\u00f3 el primer debate del proyecto que busca declarar la Encyclia tuluaensis, una flor end\u00e9mica del territorio, como s\u00edmbolo natural representativo del municipio.<\/p>\n\n\n\n<figure class=\"wp-block-embed is-type-video is-provider-youtube wp-block-embed-youtube wp-embed-aspect-16-9 wp-has-aspect-ratio\"><div class=\"wp-block-embed__wrapper\">\n<iframe loading=\"lazy\" title=\"\ud83c\udfa5 Primer debate sobre la Encyclia tuluaensis, flor end\u00e9mica de Tulu\u00e1. \ud83c\udf38\" width=\"640\" height=\"360\" src=\"https:\/\/www.youtube.com\/embed\/sHdcFjE2ZbY?feature=oembed\" frameborder=\"0\" allow=\"accelerometer; autoplay; clipboard-write; encrypted-media; gyroscope; picture-in-picture; web-share\" referrerpolicy=\"strict-origin-when-cross-origin\" allowfullscreen><\/iframe>\n<\/div><\/figure>\n\n\n\n<p>La propuesta surge de investigaciones desarrolladas por profesionales del Jard\u00edn Bot\u00e1nico de Tulu\u00e1 y del Jard\u00edn Bot\u00e1nico de Cali, quienes identificaron la especie dentro del Parque Natural Regional Mateguadua.<\/p>\n\n\n\n<p>De acuerdo con el concejal Mario Mej\u00eda, la iniciativa busca fortalecer la identidad local y fomentar la conservaci\u00f3n ambiental. Adem\u00e1s, podr\u00eda contribuir al impulso del ecoturismo y el turismo cient\u00edfico en la zona.<\/p>\n\n\n\n<p>La sesi\u00f3n cont\u00f3 con la presencia de representantes de INCIVA, la UCEVA, organizaciones ambientales y comunidad en general, quienes manifestaron su apoyo al proyecto.<\/p>\n\n\n\n<p>El debate continuar\u00e1 en pr\u00f3ximas sesiones, donde se espera avanzar hacia su aprobaci\u00f3n final.<\/p>\n","protected":false},"excerpt":{"rendered":"<p>El Concejo Municipal de Tulu\u00e1 realiz\u00f3 el primer debate del proyecto que busca declarar la Encyclia tuluaensis, una flor end\u00e9mica del territorio, como s\u00edmbolo natural representativo del municipio. La propuesta surge de investigaciones desarrolladas por profesionales del Jard\u00edn Bot\u00e1nico de Tulu\u00e1 y del Jard\u00edn Bot\u00e1nico de Cali, quienes identificaron la especie dentro del Parque Natural [&hellip;]<\/p>\n","protected":false},"author":3,"featured_media":39233,"comment_status":"open","ping_status":"open","sticky":false,"template":"","format":"video","meta":{"footnotes":""},"categories":[10,1515],"tags":[],"class_list":["post-39220","post","type-post","status-publish","format-video","has-post-thumbnail","hentry","category-cnc-noticias-tulua","category-cnc-tulua","post_format-post-format-video"],"_links":{"self":[{"href":"https:\/\/cnctulua.tv\/index.php?rest_route=\/wp\/v2\/posts\/39220","targetHints":{"allow":["GET"]}}],"collection":[{"href":"https:\/\/cnctulua.tv\/index.php?rest_route=\/wp\/v2\/posts"}],"about":[{"href":"https:\/\/cnctulua.tv\/index.php?rest_route=\/wp\/v2\/types\/post"}],"author":[{"embeddable":true,"href":"https:\/\/cnctulua.tv\/index.php?rest_route=\/wp\/v2\/users\/3"}],"replies":[{"embeddable":true,"href":"https:\/\/cnctulua.tv\/index.php?rest_route=%2Fwp%2Fv2%2Fcomments&post=39220"}],"version-history":[{"count":1,"href":"https:\/\/cnctulua.tv\/index.php?rest_route=\/wp\/v2\/posts\/39220\/revisions"}],"predecessor-version":[{"id":39234,"href":"https:\/\/cnctulua.tv\/index.php?rest_route=\/wp\/v2\/posts\/39220\/revisions\/39234"}],"wp:featuredmedia":[{"embeddable":true,"href":"https:\/\/cnctulua.tv\/index.php?rest_route=\/wp\/v2\/media\/39233"}],"wp:attachment":[{"href":"https:\/\/cnctulua.tv\/index.php?rest_route=%2Fwp%2Fv2%2Fmedia&parent=39220"}],"wp:term":[{"taxonomy":"category","embeddable":true,"href":"https:\/\/cnctulua.tv\/index.php?rest_route=%2Fwp%2Fv2%2Fcategories&post=39220"},{"taxonomy":"post_tag","embeddable":true,"href":"https:\/\/cnctulua.tv\/index.php?rest_route=%2Fwp%2Fv2%2Ftags&post=39220"}],"curies":[{"name":"wp","href":"https:\/\/api.w.org\/{rel}","templated":true}]}}