{"id":39230,"date":"2025-11-11T17:16:19","date_gmt":"2025-11-11T17:16:19","guid":{"rendered":"https:\/\/cnctulua.tv\/?p=39230"},"modified":"2025-11-11T17:16:19","modified_gmt":"2025-11-11T17:16:19","slug":"vivir-y-resistir-encuentro-por-los-derechos-y-la-no-violencia-en-tulua","status":"publish","type":"post","link":"https:\/\/cnctulua.tv\/?p=39230","title":{"rendered":"\u201cVivir y resistir\u201d: encuentro por los derechos y la no violencia en Tulu\u00e1."},"content":{"rendered":"\n<p>La Administraci\u00f3n Municipal de Tulu\u00e1, a trav\u00e9s de la Coordinaci\u00f3n de Diversidad Sexual, desarroll\u00f3 el encuentro \u201cVivir y resistir: derechos y realidades\u201d, dirigido a mujeres trans y cisg\u00e9nero con actividades sexuales pagas.<\/p>\n\n\n\n<figure class=\"wp-block-embed is-type-video is-provider-youtube wp-block-embed-youtube wp-embed-aspect-16-9 wp-has-aspect-ratio\"><div class=\"wp-block-embed__wrapper\">\nhttps:\/\/youtu.be\/c9qqbNIFZIk\n<\/div><\/figure>\n\n\n\n<p>Esta actividad se realiz\u00f3 en el marco del mes por la eliminaci\u00f3n de la violencia contra la mujer, con el prop\u00f3sito de promover espacios de reflexi\u00f3n sobre el respeto, la equidad y la inclusi\u00f3n.<\/p>\n\n\n\n<p>Durante la jornada se trataron temas relacionados con el autocuidado, la salud, el reconocimiento de derechos y la participaci\u00f3n social. Asimismo, se promovi\u00f3 la importancia de eliminar toda forma de estigmatizaci\u00f3n y violencia.<\/p>\n\n\n\n<p>La iniciativa se enmarca en las estrategias locales orientadas a fortalecer la convivencia, la igualdad de oportunidades y la garant\u00eda de derechos humanos en el municipio.<\/p>\n","protected":false},"excerpt":{"rendered":"<p>La Administraci\u00f3n Municipal de Tulu\u00e1, a trav\u00e9s de la Coordinaci\u00f3n de Diversidad Sexual, desarroll\u00f3 el encuentro \u201cVivir y resistir: derechos y realidades\u201d, dirigido a mujeres trans y cisg\u00e9nero con actividades sexuales pagas. Esta actividad se realiz\u00f3 en el marco del mes por la eliminaci\u00f3n de la violencia contra la mujer, con el prop\u00f3sito de promover [&hellip;]<\/p>\n","protected":false},"author":3,"featured_media":39239,"comment_status":"open","ping_status":"open","sticky":false,"template":"","format":"video","meta":{"footnotes":""},"categories":[1],"tags":[],"class_list":["post-39230","post","type-post","status-publish","format-video","has-post-thumbnail","hentry","category-uncategorized","post_format-post-format-video"],"_links":{"self":[{"href":"https:\/\/cnctulua.tv\/index.php?rest_route=\/wp\/v2\/posts\/39230","targetHints":{"allow":["GET"]}}],"collection":[{"href":"https:\/\/cnctulua.tv\/index.php?rest_route=\/wp\/v2\/posts"}],"about":[{"href":"https:\/\/cnctulua.tv\/index.php?rest_route=\/wp\/v2\/types\/post"}],"author":[{"embeddable":true,"href":"https:\/\/cnctulua.tv\/index.php?rest_route=\/wp\/v2\/users\/3"}],"replies":[{"embeddable":true,"href":"https:\/\/cnctulua.tv\/index.php?rest_route=%2Fwp%2Fv2%2Fcomments&post=39230"}],"version-history":[{"count":1,"href":"https:\/\/cnctulua.tv\/index.php?rest_route=\/wp\/v2\/posts\/39230\/revisions"}],"predecessor-version":[{"id":39266,"href":"https:\/\/cnctulua.tv\/index.php?rest_route=\/wp\/v2\/posts\/39230\/revisions\/39266"}],"wp:featuredmedia":[{"embeddable":true,"href":"https:\/\/cnctulua.tv\/index.php?rest_route=\/wp\/v2\/media\/39239"}],"wp:attachment":[{"href":"https:\/\/cnctulua.tv\/index.php?rest_route=%2Fwp%2Fv2%2Fmedia&parent=39230"}],"wp:term":[{"taxonomy":"category","embeddable":true,"href":"https:\/\/cnctulua.tv\/index.php?rest_route=%2Fwp%2Fv2%2Fcategories&post=39230"},{"taxonomy":"post_tag","embeddable":true,"href":"https:\/\/cnctulua.tv\/index.php?rest_route=%2Fwp%2Fv2%2Ftags&post=39230"}],"curies":[{"name":"wp","href":"https:\/\/api.w.org\/{rel}","templated":true}]}}