{"id":39242,"date":"2025-11-11T16:21:35","date_gmt":"2025-11-11T16:21:35","guid":{"rendered":"https:\/\/cnctulua.tv\/?p=39242"},"modified":"2025-11-11T16:21:35","modified_gmt":"2025-11-11T16:21:35","slug":"capturado-presunto-ladron-serial-de-autopartes-en-cali","status":"publish","type":"post","link":"https:\/\/cnctulua.tv\/?p=39242","title":{"rendered":"Capturado presunto ladr\u00f3n serial de autopartes en Cali."},"content":{"rendered":"\n<p>En un trabajo articulado entre la Polic\u00eda Metropolitana de Cali y la Fiscal\u00eda General de la Naci\u00f3n, fue capturado alias \u201cJeifri\u201d, se\u00f1alado de cometer hurtos de computadoras automotrices en distintos sectores de la ciudad.<\/p>\n\n\n\n<figure class=\"wp-block-embed is-type-video is-provider-youtube wp-block-embed-youtube wp-embed-aspect-16-9 wp-has-aspect-ratio\"><div class=\"wp-block-embed__wrapper\">\n<iframe loading=\"lazy\" title=\"\ud83c\udfa5 Capturan en Cali a alias \u201cJeifri\u201d, presunto ladr\u00f3n serial de autopartes. \ud83d\ude97\" width=\"640\" height=\"360\" src=\"https:\/\/www.youtube.com\/embed\/1T1Z5l-oO34?feature=oembed\" frameborder=\"0\" allow=\"accelerometer; autoplay; clipboard-write; encrypted-media; gyroscope; picture-in-picture; web-share\" referrerpolicy=\"strict-origin-when-cross-origin\" allowfullscreen><\/iframe>\n<\/div><\/figure>\n\n\n\n<p>El procedimiento se efectu\u00f3 en el barrio Municipal, tras la recopilaci\u00f3n de pruebas audiovisuales que evidencian su modo de operar: abrir el cap\u00f3 de los veh\u00edculos y retirar la unidad de control electr\u00f3nico en cuesti\u00f3n de segundos.<\/p>\n\n\n\n<p>Las autoridades establecieron que el sospechoso utilizaba un autom\u00f3vil alquilado para desplazarse y facilitar su huida. Los hechos ocurrieron principalmente en horarios nocturnos, afectando zonas con escasa iluminaci\u00f3n o vigilancia.<\/p>\n\n\n\n<p>Con base en el material probatorio, un juez le impuso medida de aseguramiento intramural por el delito de hurto calificado y agravado. La Polic\u00eda invit\u00f3 a los ciudadanos a denunciar cualquier hecho similar mediante las l\u00edneas de atenci\u00f3n 123, 156 o 3213945156.<\/p>\n","protected":false},"excerpt":{"rendered":"<p>En un trabajo articulado entre la Polic\u00eda Metropolitana de Cali y la Fiscal\u00eda General de la Naci\u00f3n, fue capturado alias \u201cJeifri\u201d, se\u00f1alado de cometer hurtos de computadoras automotrices en distintos sectores de la ciudad. El procedimiento se efectu\u00f3 en el barrio Municipal, tras la recopilaci\u00f3n de pruebas audiovisuales que evidencian su modo de operar: abrir [&hellip;]<\/p>\n","protected":false},"author":3,"featured_media":39247,"comment_status":"open","ping_status":"open","sticky":false,"template":"","format":"video","meta":{"footnotes":""},"categories":[10,1515],"tags":[],"class_list":["post-39242","post","type-post","status-publish","format-video","has-post-thumbnail","hentry","category-cnc-noticias-tulua","category-cnc-tulua","post_format-post-format-video"],"_links":{"self":[{"href":"https:\/\/cnctulua.tv\/index.php?rest_route=\/wp\/v2\/posts\/39242","targetHints":{"allow":["GET"]}}],"collection":[{"href":"https:\/\/cnctulua.tv\/index.php?rest_route=\/wp\/v2\/posts"}],"about":[{"href":"https:\/\/cnctulua.tv\/index.php?rest_route=\/wp\/v2\/types\/post"}],"author":[{"embeddable":true,"href":"https:\/\/cnctulua.tv\/index.php?rest_route=\/wp\/v2\/users\/3"}],"replies":[{"embeddable":true,"href":"https:\/\/cnctulua.tv\/index.php?rest_route=%2Fwp%2Fv2%2Fcomments&post=39242"}],"version-history":[{"count":1,"href":"https:\/\/cnctulua.tv\/index.php?rest_route=\/wp\/v2\/posts\/39242\/revisions"}],"predecessor-version":[{"id":39248,"href":"https:\/\/cnctulua.tv\/index.php?rest_route=\/wp\/v2\/posts\/39242\/revisions\/39248"}],"wp:featuredmedia":[{"embeddable":true,"href":"https:\/\/cnctulua.tv\/index.php?rest_route=\/wp\/v2\/media\/39247"}],"wp:attachment":[{"href":"https:\/\/cnctulua.tv\/index.php?rest_route=%2Fwp%2Fv2%2Fmedia&parent=39242"}],"wp:term":[{"taxonomy":"category","embeddable":true,"href":"https:\/\/cnctulua.tv\/index.php?rest_route=%2Fwp%2Fv2%2Fcategories&post=39242"},{"taxonomy":"post_tag","embeddable":true,"href":"https:\/\/cnctulua.tv\/index.php?rest_route=%2Fwp%2Fv2%2Ftags&post=39242"}],"curies":[{"name":"wp","href":"https:\/\/api.w.org\/{rel}","templated":true}]}}