{"id":39262,"date":"2025-11-11T17:34:55","date_gmt":"2025-11-11T17:34:55","guid":{"rendered":"https:\/\/cnctulua.tv\/?p=39262"},"modified":"2025-11-11T17:35:34","modified_gmt":"2025-11-11T17:35:34","slug":"del-12-de-noviembre-al-11-de-diciembre-inscripciones-abiertas-al-fondo-valleinn","status":"publish","type":"post","link":"https:\/\/cnctulua.tv\/?p=39262","title":{"rendered":"Del 12 de noviembre al 11 de diciembre: inscripciones abiertas al Fondo ValleINN+."},"content":{"rendered":"\n<p>El Fondo ValleINN+, programa de la Gobernaci\u00f3n del Valle del Cauca, abri\u00f3 sus inscripciones para apoyar a emprendedores de 26 municipios con herramientas, insumos y formaci\u00f3n empresarial.<\/p>\n\n\n\n<figure class=\"wp-block-embed is-type-video is-provider-youtube wp-block-embed-youtube wp-embed-aspect-16-9 wp-has-aspect-ratio\"><div class=\"wp-block-embed__wrapper\">\n<iframe loading=\"lazy\" title=\"\ud83d\udcbc \u00a1Emprendedores del Valle, atentos! En Tulu\u00e1 para las inscripciones.\" width=\"640\" height=\"360\" src=\"https:\/\/www.youtube.com\/embed\/4aU-Dhzx93w?feature=oembed\" frameborder=\"0\" allow=\"accelerometer; autoplay; clipboard-write; encrypted-media; gyroscope; picture-in-picture; web-share\" referrerpolicy=\"strict-origin-when-cross-origin\" allowfullscreen><\/iframe>\n<\/div><\/figure>\n\n\n\n<p>Las personas interesadas podr\u00e1n registrarse desde el 12 de noviembre hasta el 11 de diciembre, o hasta que se completen los cupos de los 4.000 beneficiarios previstos para esta convocatoria.<\/p>\n\n\n\n<figure class=\"wp-block-gallery has-nested-images columns-default is-cropped wp-block-gallery-1 is-layout-flex wp-block-gallery-is-layout-flex\">\n<figure class=\"wp-block-image size-large\"><img loading=\"lazy\" decoding=\"async\" width=\"1024\" height=\"859\" data-id=\"39270\" src=\"https:\/\/cnctulua.tv\/wp-content\/uploads\/2025\/11\/apoyos-INSCRIPCIONES-AL-FONDO-3-1024x859.jpeg\" alt=\"\" class=\"wp-image-39270\" srcset=\"https:\/\/cnctulua.tv\/wp-content\/uploads\/2025\/11\/apoyos-INSCRIPCIONES-AL-FONDO-3-1024x859.jpeg 1024w, https:\/\/cnctulua.tv\/wp-content\/uploads\/2025\/11\/apoyos-INSCRIPCIONES-AL-FONDO-3-300x252.jpeg 300w, https:\/\/cnctulua.tv\/wp-content\/uploads\/2025\/11\/apoyos-INSCRIPCIONES-AL-FONDO-3-768x644.jpeg 768w, https:\/\/cnctulua.tv\/wp-content\/uploads\/2025\/11\/apoyos-INSCRIPCIONES-AL-FONDO-3.jpeg 1280w\" sizes=\"auto, (max-width: 1024px) 100vw, 1024px\" \/><\/figure>\n<\/figure>\n\n\n\n<p>La gobernadora Dilian Francisca Toro se\u00f1al\u00f3 que el programa busca \u201cgenerar inclusi\u00f3n, empleo y mejores condiciones de vida para quienes desean emprender y aportar al desarrollo del Valle del Cauca\u201d.<\/p>\n\n\n\n<p>El secretario \u00d3scar Eduardo Vivas precis\u00f3 que pueden participar tanto emprendedores formalizados como aquellos que est\u00e1n en proceso de consolidaci\u00f3n, siempre y cuando no hayan sido beneficiarios en ediciones anteriores del Fondo.<\/p>\n\n\n\n<p>Cada seleccionado recibir\u00e1 dos millones de pesos en activos productivos y la oportunidad de cursar un diplomado de fortalecimiento empresarial. Con esta estrategia, la Gobernaci\u00f3n contin\u00faa promoviendo el crecimiento econ\u00f3mico y la sostenibilidad de los emprendimientos vallecaucanos.<\/p>\n","protected":false},"excerpt":{"rendered":"<p>El Fondo ValleINN+, programa de la Gobernaci\u00f3n del Valle del Cauca, abri\u00f3 sus inscripciones para apoyar a emprendedores de 26 municipios con herramientas, insumos y formaci\u00f3n empresarial. Las personas interesadas podr\u00e1n registrarse desde el 12 de noviembre hasta el 11 de diciembre, o hasta que se completen los cupos de los 4.000 beneficiarios previstos para [&hellip;]<\/p>\n","protected":false},"author":3,"featured_media":39269,"comment_status":"open","ping_status":"open","sticky":false,"template":"","format":"video","meta":{"footnotes":""},"categories":[1],"tags":[],"class_list":["post-39262","post","type-post","status-publish","format-video","has-post-thumbnail","hentry","category-uncategorized","post_format-post-format-video"],"_links":{"self":[{"href":"https:\/\/cnctulua.tv\/index.php?rest_route=\/wp\/v2\/posts\/39262","targetHints":{"allow":["GET"]}}],"collection":[{"href":"https:\/\/cnctulua.tv\/index.php?rest_route=\/wp\/v2\/posts"}],"about":[{"href":"https:\/\/cnctulua.tv\/index.php?rest_route=\/wp\/v2\/types\/post"}],"author":[{"embeddable":true,"href":"https:\/\/cnctulua.tv\/index.php?rest_route=\/wp\/v2\/users\/3"}],"replies":[{"embeddable":true,"href":"https:\/\/cnctulua.tv\/index.php?rest_route=%2Fwp%2Fv2%2Fcomments&post=39262"}],"version-history":[{"count":2,"href":"https:\/\/cnctulua.tv\/index.php?rest_route=\/wp\/v2\/posts\/39262\/revisions"}],"predecessor-version":[{"id":39272,"href":"https:\/\/cnctulua.tv\/index.php?rest_route=\/wp\/v2\/posts\/39262\/revisions\/39272"}],"wp:featuredmedia":[{"embeddable":true,"href":"https:\/\/cnctulua.tv\/index.php?rest_route=\/wp\/v2\/media\/39269"}],"wp:attachment":[{"href":"https:\/\/cnctulua.tv\/index.php?rest_route=%2Fwp%2Fv2%2Fmedia&parent=39262"}],"wp:term":[{"taxonomy":"category","embeddable":true,"href":"https:\/\/cnctulua.tv\/index.php?rest_route=%2Fwp%2Fv2%2Fcategories&post=39262"},{"taxonomy":"post_tag","embeddable":true,"href":"https:\/\/cnctulua.tv\/index.php?rest_route=%2Fwp%2Fv2%2Ftags&post=39262"}],"curies":[{"name":"wp","href":"https:\/\/api.w.org\/{rel}","templated":true}]}}