{"id":39282,"date":"2025-11-11T18:25:47","date_gmt":"2025-11-11T18:25:47","guid":{"rendered":"https:\/\/cnctulua.tv\/?p=39282"},"modified":"2025-11-11T18:25:47","modified_gmt":"2025-11-11T18:25:47","slug":"la-policia-nacional-conmemoro-su-134-aniversario-en-tulua","status":"publish","type":"post","link":"https:\/\/cnctulua.tv\/?p=39282","title":{"rendered":"La Polic\u00eda Nacional conmemor\u00f3 su 134\u00b0 aniversario en Tulu\u00e1."},"content":{"rendered":"\n<p>En la Plaza C\u00edvica Boyac\u00e1 se llev\u00f3 a cabo la conmemoraci\u00f3n del 134\u00b0 aniversario de la Polic\u00eda Nacional, un acto que cont\u00f3 con la presencia de autoridades municipales, uniformados activos y en retiro, as\u00ed como representantes de la comunidad tulue\u00f1a.<\/p>\n\n\n\n<figure class=\"wp-block-embed is-provider-youtube wp-block-embed-youtube\"><div class=\"wp-block-embed__wrapper\">\nhttps:\/\/youtu.be\/xH58QQssr0k\n<\/div><\/figure>\n\n\n\n<p>Durante la ceremonia se exalt\u00f3 la labor de los hombres y mujeres que integran la instituci\u00f3n, reconociendo su compromiso con la seguridad ciudadana, la defensa de los derechos humanos y el fortalecimiento de la convivencia.<\/p>\n\n\n\n<p>El evento incluy\u00f3 la entrega de distinciones a funcionarios destacados, adem\u00e1s de actividades simb\u00f3licas y culturales en homenaje a los valores y principios que han guiado a la Polic\u00eda Nacional desde su creaci\u00f3n.<\/p>\n\n\n\n<p>La Administraci\u00f3n Municipal reiter\u00f3 su apoyo al trabajo articulado con la instituci\u00f3n para continuar promoviendo estrategias que garanticen entornos seguros y una relaci\u00f3n cercana entre la Polic\u00eda y la ciudadan\u00eda.<\/p>\n","protected":false},"excerpt":{"rendered":"<p>En la Plaza C\u00edvica Boyac\u00e1 se llev\u00f3 a cabo la conmemoraci\u00f3n del 134\u00b0 aniversario de la Polic\u00eda Nacional, un acto que cont\u00f3 con la presencia de autoridades municipales, uniformados activos y en retiro, as\u00ed como representantes de la comunidad tulue\u00f1a. Durante la ceremonia se exalt\u00f3 la labor de los hombres y mujeres que integran la [&hellip;]<\/p>\n","protected":false},"author":3,"featured_media":39275,"comment_status":"open","ping_status":"open","sticky":false,"template":"","format":"video","meta":{"footnotes":""},"categories":[10,1515],"tags":[],"class_list":["post-39282","post","type-post","status-publish","format-video","has-post-thumbnail","hentry","category-cnc-noticias-tulua","category-cnc-tulua","post_format-post-format-video"],"_links":{"self":[{"href":"https:\/\/cnctulua.tv\/index.php?rest_route=\/wp\/v2\/posts\/39282","targetHints":{"allow":["GET"]}}],"collection":[{"href":"https:\/\/cnctulua.tv\/index.php?rest_route=\/wp\/v2\/posts"}],"about":[{"href":"https:\/\/cnctulua.tv\/index.php?rest_route=\/wp\/v2\/types\/post"}],"author":[{"embeddable":true,"href":"https:\/\/cnctulua.tv\/index.php?rest_route=\/wp\/v2\/users\/3"}],"replies":[{"embeddable":true,"href":"https:\/\/cnctulua.tv\/index.php?rest_route=%2Fwp%2Fv2%2Fcomments&post=39282"}],"version-history":[{"count":1,"href":"https:\/\/cnctulua.tv\/index.php?rest_route=\/wp\/v2\/posts\/39282\/revisions"}],"predecessor-version":[{"id":39285,"href":"https:\/\/cnctulua.tv\/index.php?rest_route=\/wp\/v2\/posts\/39282\/revisions\/39285"}],"wp:featuredmedia":[{"embeddable":true,"href":"https:\/\/cnctulua.tv\/index.php?rest_route=\/wp\/v2\/media\/39275"}],"wp:attachment":[{"href":"https:\/\/cnctulua.tv\/index.php?rest_route=%2Fwp%2Fv2%2Fmedia&parent=39282"}],"wp:term":[{"taxonomy":"category","embeddable":true,"href":"https:\/\/cnctulua.tv\/index.php?rest_route=%2Fwp%2Fv2%2Fcategories&post=39282"},{"taxonomy":"post_tag","embeddable":true,"href":"https:\/\/cnctulua.tv\/index.php?rest_route=%2Fwp%2Fv2%2Ftags&post=39282"}],"curies":[{"name":"wp","href":"https:\/\/api.w.org\/{rel}","templated":true}]}}