{"id":39310,"date":"2025-11-12T15:48:56","date_gmt":"2025-11-12T15:48:56","guid":{"rendered":"https:\/\/cnctulua.tv\/?p=39310"},"modified":"2025-11-12T15:48:56","modified_gmt":"2025-11-12T15:48:56","slug":"tulua-implementara-moderno-sistema-de-camaras-de-vigilancia","status":"publish","type":"post","link":"https:\/\/cnctulua.tv\/?p=39310","title":{"rendered":"Tulu\u00e1 implementar\u00e1 moderno sistema de c\u00e1maras de vigilancia."},"content":{"rendered":"\n<p>El municipio de Tulu\u00e1 fortalecer\u00e1 su sistema de seguridad ciudadana con la instalaci\u00f3n de 75 c\u00e1maras de vigilancia y la construcci\u00f3n de un centro de monitoreo que funcionar\u00e1 dentro del comando de Polic\u00eda.<\/p>\n\n\n\n<figure class=\"wp-block-embed is-type-video is-provider-youtube wp-block-embed-youtube wp-embed-aspect-16-9 wp-has-aspect-ratio\"><div class=\"wp-block-embed__wrapper\">\n<iframe loading=\"lazy\" title=\"\ud83c\udfa5 Tulu\u00e1 refuerza su seguridad con c\u00e1maras de vigilancia.\" width=\"640\" height=\"360\" src=\"https:\/\/www.youtube.com\/embed\/55ct7ZenjXM?feature=oembed\" frameborder=\"0\" allow=\"accelerometer; autoplay; clipboard-write; encrypted-media; gyroscope; picture-in-picture; web-share\" referrerpolicy=\"strict-origin-when-cross-origin\" allowfullscreen><\/iframe>\n<\/div><\/figure>\n\n\n\n<p>El alcalde Gustavo V\u00e9lez confirm\u00f3 que el convenio fue firmado y que, tras la aprobaci\u00f3n de las vigencias futuras por parte del Concejo Municipal, las obras iniciar\u00e1n en la primera semana de diciembre.<\/p>\n\n\n\n<p>El proyecto, con una ejecuci\u00f3n estimada de seis meses, busca que el nuevo circuito cerrado de c\u00e1maras est\u00e9 en funcionamiento durante la feria de Tulu\u00e1.<\/p>\n\n\n\n<figure class=\"wp-block-image size-full\"><img loading=\"lazy\" decoding=\"async\" width=\"983\" height=\"448\" src=\"https:\/\/cnctulua.tv\/wp-content\/uploads\/2025\/11\/tulua.png\" alt=\"\" class=\"wp-image-39314\" srcset=\"https:\/\/cnctulua.tv\/wp-content\/uploads\/2025\/11\/tulua.png 983w, https:\/\/cnctulua.tv\/wp-content\/uploads\/2025\/11\/tulua-300x137.png 300w, https:\/\/cnctulua.tv\/wp-content\/uploads\/2025\/11\/tulua-768x350.png 768w\" sizes=\"auto, (max-width: 983px) 100vw, 983px\" \/><\/figure>\n\n\n\n<p>\u201cLo m\u00e1s importante es que arrancamos con toda la tecnolog\u00eda y el sistema de monitoreo al interior de la Polic\u00eda, garantizando seguridad y control desde la misma instituci\u00f3n\u201d, destac\u00f3 el mandatario local.<\/p>\n\n\n\n<p>La administraci\u00f3n espera ampliar progresivamente el n\u00famero de c\u00e1maras hasta alcanzar entre 150 y 200 unidades, que estar\u00e1n conectadas al sistema central en los pr\u00f3ximos a\u00f1os.<\/p>\n\n\n\n<p>Esta iniciativa hace parte del plan integral de seguridad que busca fortalecer la vigilancia urbana, apoyar las labores investigativas y mejorar la percepci\u00f3n de seguridad entre los ciudadanos.<\/p>\n","protected":false},"excerpt":{"rendered":"<p>El municipio de Tulu\u00e1 fortalecer\u00e1 su sistema de seguridad ciudadana con la instalaci\u00f3n de 75 c\u00e1maras de vigilancia y la construcci\u00f3n de un centro de monitoreo que funcionar\u00e1 dentro del comando de Polic\u00eda. El alcalde Gustavo V\u00e9lez confirm\u00f3 que el convenio fue firmado y que, tras la aprobaci\u00f3n de las vigencias futuras por parte del [&hellip;]<\/p>\n","protected":false},"author":3,"featured_media":39313,"comment_status":"open","ping_status":"open","sticky":false,"template":"","format":"video","meta":{"footnotes":""},"categories":[1],"tags":[],"class_list":["post-39310","post","type-post","status-publish","format-video","has-post-thumbnail","hentry","category-uncategorized","post_format-post-format-video"],"_links":{"self":[{"href":"https:\/\/cnctulua.tv\/index.php?rest_route=\/wp\/v2\/posts\/39310","targetHints":{"allow":["GET"]}}],"collection":[{"href":"https:\/\/cnctulua.tv\/index.php?rest_route=\/wp\/v2\/posts"}],"about":[{"href":"https:\/\/cnctulua.tv\/index.php?rest_route=\/wp\/v2\/types\/post"}],"author":[{"embeddable":true,"href":"https:\/\/cnctulua.tv\/index.php?rest_route=\/wp\/v2\/users\/3"}],"replies":[{"embeddable":true,"href":"https:\/\/cnctulua.tv\/index.php?rest_route=%2Fwp%2Fv2%2Fcomments&post=39310"}],"version-history":[{"count":1,"href":"https:\/\/cnctulua.tv\/index.php?rest_route=\/wp\/v2\/posts\/39310\/revisions"}],"predecessor-version":[{"id":39315,"href":"https:\/\/cnctulua.tv\/index.php?rest_route=\/wp\/v2\/posts\/39310\/revisions\/39315"}],"wp:featuredmedia":[{"embeddable":true,"href":"https:\/\/cnctulua.tv\/index.php?rest_route=\/wp\/v2\/media\/39313"}],"wp:attachment":[{"href":"https:\/\/cnctulua.tv\/index.php?rest_route=%2Fwp%2Fv2%2Fmedia&parent=39310"}],"wp:term":[{"taxonomy":"category","embeddable":true,"href":"https:\/\/cnctulua.tv\/index.php?rest_route=%2Fwp%2Fv2%2Fcategories&post=39310"},{"taxonomy":"post_tag","embeddable":true,"href":"https:\/\/cnctulua.tv\/index.php?rest_route=%2Fwp%2Fv2%2Ftags&post=39310"}],"curies":[{"name":"wp","href":"https:\/\/api.w.org\/{rel}","templated":true}]}}