{"id":39316,"date":"2025-11-12T16:13:52","date_gmt":"2025-11-12T16:13:52","guid":{"rendered":"https:\/\/cnctulua.tv\/?p=39316"},"modified":"2025-11-12T16:13:57","modified_gmt":"2025-11-12T16:13:57","slug":"policia-de-tulua-resalta-apoyo-institucional-para-fortalecer-la-seguridad","status":"publish","type":"post","link":"https:\/\/cnctulua.tv\/?p=39316","title":{"rendered":"Polic\u00eda de Tulu\u00e1 resalta apoyo institucional para fortalecer la seguridad."},"content":{"rendered":"\n<p>El comandante del Segundo Distrito de Polic\u00eda de Tulu\u00e1, teniente coronel Jaime Hern\u00e1n Rey Vargas, destac\u00f3 el apoyo de la administraci\u00f3n municipal en el fortalecimiento de la seguridad ciudadana a trav\u00e9s de la implementaci\u00f3n de nuevas herramientas tecnol\u00f3gicas.<\/p>\n\n\n\n<figure class=\"wp-block-embed is-type-video is-provider-youtube wp-block-embed-youtube wp-embed-aspect-16-9 wp-has-aspect-ratio\"><div class=\"wp-block-embed__wrapper\">\n<iframe loading=\"lazy\" title=\"\ud83c\udfa5 Comandante de Polic\u00eda de Tulu\u00e1 destaca fortalecimiento tecnol\u00f3gico.\" width=\"640\" height=\"360\" src=\"https:\/\/www.youtube.com\/embed\/gDqeU6zoCYc?feature=oembed\" frameborder=\"0\" allow=\"accelerometer; autoplay; clipboard-write; encrypted-media; gyroscope; picture-in-picture; web-share\" referrerpolicy=\"strict-origin-when-cross-origin\" allowfullscreen><\/iframe>\n<\/div><\/figure>\n\n\n\n<p>El oficial explic\u00f3 que la instalaci\u00f3n del centro de monitoreo dentro del comando de Polic\u00eda permitir\u00e1 optimizar la operatividad y ampliar la cobertura de vigilancia en el municipio.<\/p>\n\n\n\n<figure class=\"wp-block-image size-full\"><img loading=\"lazy\" decoding=\"async\" width=\"826\" height=\"437\" src=\"https:\/\/cnctulua.tv\/wp-content\/uploads\/2025\/11\/prevencion-del-del.png\" alt=\"\" class=\"wp-image-39318\" srcset=\"https:\/\/cnctulua.tv\/wp-content\/uploads\/2025\/11\/prevencion-del-del.png 826w, https:\/\/cnctulua.tv\/wp-content\/uploads\/2025\/11\/prevencion-del-del-300x159.png 300w, https:\/\/cnctulua.tv\/wp-content\/uploads\/2025\/11\/prevencion-del-del-768x406.png 768w\" sizes=\"auto, (max-width: 826px) 100vw, 826px\" \/><\/figure>\n\n\n\n<p>\u201cTodas las capacidades que se sumen a la seguridad son bienvenidas. La tecnolog\u00eda representa m\u00e1s ojos en las calles y mejores herramientas para prevenir el delito y atender emergencias\u201d, indic\u00f3 el teniente coronel Rey Vargas.<\/p>\n\n\n\n<p>El comandante reiter\u00f3 que el trabajo articulado entre la Polic\u00eda y la Alcald\u00eda es fundamental para consolidar entornos m\u00e1s seguros y fortalecer la convivencia ciudadana en Tulu\u00e1.<\/p>\n","protected":false},"excerpt":{"rendered":"<p>El comandante del Segundo Distrito de Polic\u00eda de Tulu\u00e1, teniente coronel Jaime Hern\u00e1n Rey Vargas, destac\u00f3 el apoyo de la administraci\u00f3n municipal en el fortalecimiento de la seguridad ciudadana a trav\u00e9s de la implementaci\u00f3n de nuevas herramientas tecnol\u00f3gicas. El oficial explic\u00f3 que la instalaci\u00f3n del centro de monitoreo dentro del comando de Polic\u00eda permitir\u00e1 optimizar [&hellip;]<\/p>\n","protected":false},"author":3,"featured_media":39317,"comment_status":"open","ping_status":"open","sticky":false,"template":"","format":"video","meta":{"footnotes":""},"categories":[1],"tags":[],"class_list":["post-39316","post","type-post","status-publish","format-video","has-post-thumbnail","hentry","category-uncategorized","post_format-post-format-video"],"_links":{"self":[{"href":"https:\/\/cnctulua.tv\/index.php?rest_route=\/wp\/v2\/posts\/39316","targetHints":{"allow":["GET"]}}],"collection":[{"href":"https:\/\/cnctulua.tv\/index.php?rest_route=\/wp\/v2\/posts"}],"about":[{"href":"https:\/\/cnctulua.tv\/index.php?rest_route=\/wp\/v2\/types\/post"}],"author":[{"embeddable":true,"href":"https:\/\/cnctulua.tv\/index.php?rest_route=\/wp\/v2\/users\/3"}],"replies":[{"embeddable":true,"href":"https:\/\/cnctulua.tv\/index.php?rest_route=%2Fwp%2Fv2%2Fcomments&post=39316"}],"version-history":[{"count":2,"href":"https:\/\/cnctulua.tv\/index.php?rest_route=\/wp\/v2\/posts\/39316\/revisions"}],"predecessor-version":[{"id":39322,"href":"https:\/\/cnctulua.tv\/index.php?rest_route=\/wp\/v2\/posts\/39316\/revisions\/39322"}],"wp:featuredmedia":[{"embeddable":true,"href":"https:\/\/cnctulua.tv\/index.php?rest_route=\/wp\/v2\/media\/39317"}],"wp:attachment":[{"href":"https:\/\/cnctulua.tv\/index.php?rest_route=%2Fwp%2Fv2%2Fmedia&parent=39316"}],"wp:term":[{"taxonomy":"category","embeddable":true,"href":"https:\/\/cnctulua.tv\/index.php?rest_route=%2Fwp%2Fv2%2Fcategories&post=39316"},{"taxonomy":"post_tag","embeddable":true,"href":"https:\/\/cnctulua.tv\/index.php?rest_route=%2Fwp%2Fv2%2Ftags&post=39316"}],"curies":[{"name":"wp","href":"https:\/\/api.w.org\/{rel}","templated":true}]}}