{"id":39319,"date":"2025-11-12T16:21:15","date_gmt":"2025-11-12T16:21:15","guid":{"rendered":"https:\/\/cnctulua.tv\/?p=39319"},"modified":"2025-11-12T16:21:15","modified_gmt":"2025-11-12T16:21:15","slug":"autoridades-de-tulua-refuerzan-operativos-tras-recientes-hechos-violentos","status":"publish","type":"post","link":"https:\/\/cnctulua.tv\/?p=39319","title":{"rendered":"Autoridades de Tulu\u00e1 refuerzan operativos tras recientes hechos violentos."},"content":{"rendered":"\n<p>El comandante del Segundo Distrito de Polic\u00eda de Tulu\u00e1, teniente coronel Jaime Hern\u00e1n Rey Vargas, entreg\u00f3 un balance sobre la situaci\u00f3n de seguridad en el municipio, luego del incremento de hechos violentos registrados en las \u00faltimas semanas.<\/p>\n\n\n\n<figure class=\"wp-block-embed is-type-video is-provider-youtube wp-block-embed-youtube wp-embed-aspect-16-9 wp-has-aspect-ratio\"><div class=\"wp-block-embed__wrapper\">\nhttps:\/\/youtu.be\/ydCrcWf1fyA\n<\/div><\/figure>\n\n\n\n<p>El oficial se\u00f1al\u00f3 que, aunque los indicadores generales de homicidios se mantienen estables en comparaci\u00f3n con a\u00f1os anteriores, se han presentado casos puntuales que exigen respuestas operativas inmediatas.<\/p>\n\n\n\n<p>\u201cHemos dispuesto trabajo conjunto entre la Polic\u00eda Judicial, el GAULA, inteligencia y la Fiscal\u00eda General de la Naci\u00f3n para identificar y capturar a los dinamizadores del homicidio. Ya se logr\u00f3 una captura importante y seguimos desarrollando operaciones en zonas cr\u00edticas de Tulu\u00e1 y municipios aleda\u00f1os\u201d, explic\u00f3 el teniente coronel Rey Vargas.<\/p>\n\n\n\n<p>El comandante tambi\u00e9n inform\u00f3 que las autoridades est\u00e1n vigilando los actos f\u00fanebres de una v\u00edctima de sicariato en una barber\u00eda, ante posibles riesgos durante el acompa\u00f1amiento ciudadano.<\/p>\n\n\n\n<p>Adem\u00e1s, confirm\u00f3 que el nuevo veh\u00edculo institucional ser\u00e1 asignado al sector de Agua Clara, donde apoyar\u00e1 el patrullaje, los traslados judiciales y las acciones preventivas.<\/p>\n\n\n\n<p>La Polic\u00eda reiter\u00f3 su compromiso con la seguridad y la convivencia, haciendo \u00e9nfasis en la articulaci\u00f3n con la Fiscal\u00eda y la administraci\u00f3n municipal para mantener el control del orden p\u00fablico.<\/p>\n","protected":false},"excerpt":{"rendered":"<p>El comandante del Segundo Distrito de Polic\u00eda de Tulu\u00e1, teniente coronel Jaime Hern\u00e1n Rey Vargas, entreg\u00f3 un balance sobre la situaci\u00f3n de seguridad en el municipio, luego del incremento de hechos violentos registrados en las \u00faltimas semanas. El oficial se\u00f1al\u00f3 que, aunque los indicadores generales de homicidios se mantienen estables en comparaci\u00f3n con a\u00f1os anteriores, [&hellip;]<\/p>\n","protected":false},"author":3,"featured_media":39320,"comment_status":"open","ping_status":"open","sticky":false,"template":"","format":"video","meta":{"footnotes":""},"categories":[1],"tags":[],"class_list":["post-39319","post","type-post","status-publish","format-video","has-post-thumbnail","hentry","category-uncategorized","post_format-post-format-video"],"_links":{"self":[{"href":"https:\/\/cnctulua.tv\/index.php?rest_route=\/wp\/v2\/posts\/39319","targetHints":{"allow":["GET"]}}],"collection":[{"href":"https:\/\/cnctulua.tv\/index.php?rest_route=\/wp\/v2\/posts"}],"about":[{"href":"https:\/\/cnctulua.tv\/index.php?rest_route=\/wp\/v2\/types\/post"}],"author":[{"embeddable":true,"href":"https:\/\/cnctulua.tv\/index.php?rest_route=\/wp\/v2\/users\/3"}],"replies":[{"embeddable":true,"href":"https:\/\/cnctulua.tv\/index.php?rest_route=%2Fwp%2Fv2%2Fcomments&post=39319"}],"version-history":[{"count":1,"href":"https:\/\/cnctulua.tv\/index.php?rest_route=\/wp\/v2\/posts\/39319\/revisions"}],"predecessor-version":[{"id":39323,"href":"https:\/\/cnctulua.tv\/index.php?rest_route=\/wp\/v2\/posts\/39319\/revisions\/39323"}],"wp:featuredmedia":[{"embeddable":true,"href":"https:\/\/cnctulua.tv\/index.php?rest_route=\/wp\/v2\/media\/39320"}],"wp:attachment":[{"href":"https:\/\/cnctulua.tv\/index.php?rest_route=%2Fwp%2Fv2%2Fmedia&parent=39319"}],"wp:term":[{"taxonomy":"category","embeddable":true,"href":"https:\/\/cnctulua.tv\/index.php?rest_route=%2Fwp%2Fv2%2Fcategories&post=39319"},{"taxonomy":"post_tag","embeddable":true,"href":"https:\/\/cnctulua.tv\/index.php?rest_route=%2Fwp%2Fv2%2Ftags&post=39319"}],"curies":[{"name":"wp","href":"https:\/\/api.w.org\/{rel}","templated":true}]}}