{"id":39328,"date":"2025-11-12T17:16:41","date_gmt":"2025-11-12T17:16:41","guid":{"rendered":"https:\/\/cnctulua.tv\/?p=39328"},"modified":"2025-11-12T17:16:41","modified_gmt":"2025-11-12T17:16:41","slug":"concejo-de-tulua-eligio-mesa-directiva-para-el-ano-2026","status":"publish","type":"post","link":"https:\/\/cnctulua.tv\/?p=39328","title":{"rendered":"Concejo de Tulu\u00e1 eligi\u00f3 mesa directiva para el a\u00f1o 2026."},"content":{"rendered":"\n<p>El Concejo Municipal de Tulu\u00e1 llev\u00f3 a cabo la elecci\u00f3n de la mesa directiva que orientar\u00e1 las sesiones del a\u00f1o 2026.<\/p>\n\n\n\n<p>El proceso se desarroll\u00f3 con dos planchas en contienda y la participaci\u00f3n de los 17 concejales del municipio.<\/p>\n\n\n\n<figure class=\"wp-block-embed is-type-video is-provider-youtube wp-block-embed-youtube wp-embed-aspect-16-9 wp-has-aspect-ratio\"><div class=\"wp-block-embed__wrapper\">\n<iframe loading=\"lazy\" title=\"\ud83c\udfa5 Elecci\u00f3n de mesa directiva en el Concejo de Tulu\u00e1. \ud83c\udfdb\ufe0f\" width=\"640\" height=\"360\" src=\"https:\/\/www.youtube.com\/embed\/fZfsYU6CNsY?feature=oembed\" frameborder=\"0\" allow=\"accelerometer; autoplay; clipboard-write; encrypted-media; gyroscope; picture-in-picture; web-share\" referrerpolicy=\"strict-origin-when-cross-origin\" allowfullscreen><\/iframe>\n<\/div><\/figure>\n\n\n\n<p>El concejal Mario Mej\u00eda, elegido como vicepresidente, indic\u00f3 que el prop\u00f3sito para el nuevo periodo es mantener un Concejo cercano a la ciudadan\u00eda y abierto al debate de ideas, garantizando la participaci\u00f3n de todas las voces pol\u00edticas.<\/p>\n\n\n\n<figure class=\"wp-block-image size-full\"><img loading=\"lazy\" decoding=\"async\" width=\"955\" height=\"395\" src=\"https:\/\/cnctulua.tv\/wp-content\/uploads\/2025\/11\/mesa-directivaaaaaaaa.png\" alt=\"\" class=\"wp-image-39334\" srcset=\"https:\/\/cnctulua.tv\/wp-content\/uploads\/2025\/11\/mesa-directivaaaaaaaa.png 955w, https:\/\/cnctulua.tv\/wp-content\/uploads\/2025\/11\/mesa-directivaaaaaaaa-300x124.png 300w, https:\/\/cnctulua.tv\/wp-content\/uploads\/2025\/11\/mesa-directivaaaaaaaa-768x318.png 768w\" sizes=\"auto, (max-width: 955px) 100vw, 955px\" \/><\/figure>\n\n\n\n<p>Mej\u00eda asegur\u00f3 que la votaci\u00f3n fue transparente y que las garant\u00edas estuvieron dadas para ambas candidaturas.<\/p>\n\n\n\n<p>Sobre los comentarios relacionados con la integraci\u00f3n de la mesa directiva, conformada por tres hombres, explic\u00f3 que el proceso se adelant\u00f3 conforme a las normas internas y con plena igualdad de condiciones.<\/p>\n\n\n\n<p>En cuanto a la relaci\u00f3n con la administraci\u00f3n municipal, el concejal destac\u00f3 que su postura ser\u00e1 de independencia, respaldando las iniciativas que representen beneficios colectivos y ejerciendo un control responsable sobre los asuntos p\u00fablicos.<\/p>\n\n\n\n<p>El nuevo vicepresidente invit\u00f3 a la comunidad a mantener una participaci\u00f3n activa y a ver en el Concejo un espacio de interlocuci\u00f3n ciudadana.<\/p>\n","protected":false},"excerpt":{"rendered":"<p>El Concejo Municipal de Tulu\u00e1 llev\u00f3 a cabo la elecci\u00f3n de la mesa directiva que orientar\u00e1 las sesiones del a\u00f1o 2026. El proceso se desarroll\u00f3 con dos planchas en contienda y la participaci\u00f3n de los 17 concejales del municipio. El concejal Mario Mej\u00eda, elegido como vicepresidente, indic\u00f3 que el prop\u00f3sito para el nuevo periodo es [&hellip;]<\/p>\n","protected":false},"author":3,"featured_media":39333,"comment_status":"open","ping_status":"open","sticky":false,"template":"","format":"video","meta":{"footnotes":""},"categories":[1],"tags":[],"class_list":["post-39328","post","type-post","status-publish","format-video","has-post-thumbnail","hentry","category-uncategorized","post_format-post-format-video"],"_links":{"self":[{"href":"https:\/\/cnctulua.tv\/index.php?rest_route=\/wp\/v2\/posts\/39328","targetHints":{"allow":["GET"]}}],"collection":[{"href":"https:\/\/cnctulua.tv\/index.php?rest_route=\/wp\/v2\/posts"}],"about":[{"href":"https:\/\/cnctulua.tv\/index.php?rest_route=\/wp\/v2\/types\/post"}],"author":[{"embeddable":true,"href":"https:\/\/cnctulua.tv\/index.php?rest_route=\/wp\/v2\/users\/3"}],"replies":[{"embeddable":true,"href":"https:\/\/cnctulua.tv\/index.php?rest_route=%2Fwp%2Fv2%2Fcomments&post=39328"}],"version-history":[{"count":1,"href":"https:\/\/cnctulua.tv\/index.php?rest_route=\/wp\/v2\/posts\/39328\/revisions"}],"predecessor-version":[{"id":39335,"href":"https:\/\/cnctulua.tv\/index.php?rest_route=\/wp\/v2\/posts\/39328\/revisions\/39335"}],"wp:featuredmedia":[{"embeddable":true,"href":"https:\/\/cnctulua.tv\/index.php?rest_route=\/wp\/v2\/media\/39333"}],"wp:attachment":[{"href":"https:\/\/cnctulua.tv\/index.php?rest_route=%2Fwp%2Fv2%2Fmedia&parent=39328"}],"wp:term":[{"taxonomy":"category","embeddable":true,"href":"https:\/\/cnctulua.tv\/index.php?rest_route=%2Fwp%2Fv2%2Fcategories&post=39328"},{"taxonomy":"post_tag","embeddable":true,"href":"https:\/\/cnctulua.tv\/index.php?rest_route=%2Fwp%2Fv2%2Ftags&post=39328"}],"curies":[{"name":"wp","href":"https:\/\/api.w.org\/{rel}","templated":true}]}}