{"id":39370,"date":"2025-11-13T14:28:01","date_gmt":"2025-11-13T14:28:01","guid":{"rendered":"https:\/\/cnctulua.tv\/?p=39370"},"modified":"2025-11-13T14:28:01","modified_gmt":"2025-11-13T14:28:01","slug":"gobernacion-del-valle-del-cauca-alista-su-segunda-feria-de-la-transparencia-2","status":"publish","type":"post","link":"https:\/\/cnctulua.tv\/?p=39370","title":{"rendered":"Gobernaci\u00f3n del Valle del Cauca alista su Segunda Feria de la Transparencia."},"content":{"rendered":"\n<p>La Gobernaci\u00f3n del Valle del Cauca realizar\u00e1 la Segunda Feria de la Transparencia, un evento que busca fortalecer la confianza ciudadana y promover un gobierno abierto e \u00edntegro bajo la administraci\u00f3n de la gobernadora Dilian Francisca Toro.<\/p>\n\n\n\n<figure class=\"wp-block-embed is-type-video is-provider-youtube wp-block-embed-youtube wp-embed-aspect-16-9 wp-has-aspect-ratio\"><div class=\"wp-block-embed__wrapper\">\n<iframe loading=\"lazy\" title=\"\ud83c\udfa5 Valle del Cauca realiza su Segunda Feria de la Transparencia. \ud83c\udfdb\ufe0f\" width=\"640\" height=\"360\" src=\"https:\/\/www.youtube.com\/embed\/zn-DaKAp_Ao?feature=oembed\" frameborder=\"0\" allow=\"accelerometer; autoplay; clipboard-write; encrypted-media; gyroscope; picture-in-picture; web-share\" referrerpolicy=\"strict-origin-when-cross-origin\" allowfullscreen><\/iframe>\n<\/div><\/figure>\n\n\n\n<p>El encuentro se llevar\u00e1 a cabo el jueves 13 de noviembre en el Hotel Esp\u00edrito by Spiwak, donde se desarrollar\u00e1 una agenda acad\u00e9mica y participativa con la presencia de invitados nacionales e internacionales.<\/p>\n\n\n\n<p>La jefa de la Oficina para la Transparencia, Fabiola Perdomo, indic\u00f3 que el evento servir\u00e1 para rendir cuentas sobre los avances del departamento en materia de integridad p\u00fablica. \u201cSer\u00e1 un espacio para compartir experiencias exitosas y hablar sobre los avances en la lucha contra la corrupci\u00f3n\u201d, se\u00f1al\u00f3 la funcionaria.<\/p>\n\n\n\n<p>El conversatorio central contar\u00e1 con la participaci\u00f3n de expertos como David N\u00fa\u00f1ez Am\u00f3rtegui, Alejandra Barrios Cabrera y \u00d3scar Hern\u00e1ndez, quienes compartir\u00e1n experiencias sobre buenas pr\u00e1cticas en transparencia y contrataci\u00f3n abierta.<\/p>\n\n\n\n<p>Adem\u00e1s, se reconocer\u00e1 el esfuerzo de los veedores ciudadanos que culminaron su proceso de formaci\u00f3n y se exaltar\u00e1 el trabajo de cinco alcald\u00edas vallecaucanas destacadas por su gesti\u00f3n \u00e9tica y transparente.<\/p>\n\n\n\n<p>La Feria se consolida como un espacio de di\u00e1logo y aprendizaje que refuerza el compromiso del Gobierno departamental con la transparencia, el control social y la rendici\u00f3n de cuentas.<\/p>\n\n\n\n<p>PN: GOBERNACI\u00d3N REALIZAR\u00c1 SEGUNDA FERIA DE LA TRANSPARENCIA<\/p>\n\n\n\n<p>PN: AVANZA COMPROMISO DEL VALLE CON LA INTEGRIDAD P\u00daBLICA<\/p>\n\n\n\n<p>PN: FERIA DESTACA BUENAS PR\u00c1CTICAS EN GOBIERNO ABIERTO<\/p>\n","protected":false},"excerpt":{"rendered":"<p>La Gobernaci\u00f3n del Valle del Cauca realizar\u00e1 la Segunda Feria de la Transparencia, un evento que busca fortalecer la confianza ciudadana y promover un gobierno abierto e \u00edntegro bajo la administraci\u00f3n de la gobernadora Dilian Francisca Toro. El encuentro se llevar\u00e1 a cabo el jueves 13 de noviembre en el Hotel Esp\u00edrito by Spiwak, donde [&hellip;]<\/p>\n","protected":false},"author":3,"featured_media":39368,"comment_status":"open","ping_status":"open","sticky":false,"template":"","format":"video","meta":{"footnotes":""},"categories":[10,1515],"tags":[],"class_list":["post-39370","post","type-post","status-publish","format-video","has-post-thumbnail","hentry","category-cnc-noticias-tulua","category-cnc-tulua","post_format-post-format-video"],"_links":{"self":[{"href":"https:\/\/cnctulua.tv\/index.php?rest_route=\/wp\/v2\/posts\/39370","targetHints":{"allow":["GET"]}}],"collection":[{"href":"https:\/\/cnctulua.tv\/index.php?rest_route=\/wp\/v2\/posts"}],"about":[{"href":"https:\/\/cnctulua.tv\/index.php?rest_route=\/wp\/v2\/types\/post"}],"author":[{"embeddable":true,"href":"https:\/\/cnctulua.tv\/index.php?rest_route=\/wp\/v2\/users\/3"}],"replies":[{"embeddable":true,"href":"https:\/\/cnctulua.tv\/index.php?rest_route=%2Fwp%2Fv2%2Fcomments&post=39370"}],"version-history":[{"count":1,"href":"https:\/\/cnctulua.tv\/index.php?rest_route=\/wp\/v2\/posts\/39370\/revisions"}],"predecessor-version":[{"id":39390,"href":"https:\/\/cnctulua.tv\/index.php?rest_route=\/wp\/v2\/posts\/39370\/revisions\/39390"}],"wp:featuredmedia":[{"embeddable":true,"href":"https:\/\/cnctulua.tv\/index.php?rest_route=\/wp\/v2\/media\/39368"}],"wp:attachment":[{"href":"https:\/\/cnctulua.tv\/index.php?rest_route=%2Fwp%2Fv2%2Fmedia&parent=39370"}],"wp:term":[{"taxonomy":"category","embeddable":true,"href":"https:\/\/cnctulua.tv\/index.php?rest_route=%2Fwp%2Fv2%2Fcategories&post=39370"},{"taxonomy":"post_tag","embeddable":true,"href":"https:\/\/cnctulua.tv\/index.php?rest_route=%2Fwp%2Fv2%2Ftags&post=39370"}],"curies":[{"name":"wp","href":"https:\/\/api.w.org\/{rel}","templated":true}]}}