{"id":39397,"date":"2025-11-13T18:16:53","date_gmt":"2025-11-13T18:16:53","guid":{"rendered":"https:\/\/cnctulua.tv\/?p=39397"},"modified":"2025-11-13T18:16:53","modified_gmt":"2025-11-13T18:16:53","slug":"atletas-del-valle-fortalecen-su-nivel-en-jornada-de-fogueo-en-tulua","status":"publish","type":"post","link":"https:\/\/cnctulua.tv\/?p=39397","title":{"rendered":"Atletas del Valle fortalecen su nivel en jornada de fogueo en Tulu\u00e1."},"content":{"rendered":"\n<p>El atletismo vallecaucano contin\u00faa demostrando su crecimiento y compromiso. En el municipio de Tulu\u00e1 se llev\u00f3 a cabo una jornada de fogueo entre deportistas locales y atletas del club de Andaluc\u00eda, con el objetivo de mejorar marcas y fortalecer la preparaci\u00f3n f\u00edsica y t\u00e9cnica de los participantes.<\/p>\n\n\n\n<figure class=\"wp-block-embed is-type-video is-provider-youtube wp-block-embed-youtube wp-embed-aspect-16-9 wp-has-aspect-ratio\"><div class=\"wp-block-embed__wrapper\">\n<iframe loading=\"lazy\" title=\"\ud83c\udfc3\u200d\u2642\ufe0f Atletas del Valle se preparan con disciplina y pasi\u00f3n. \ud83d\udcaa\" width=\"640\" height=\"360\" src=\"https:\/\/www.youtube.com\/embed\/3uAkZBPPt9s?feature=oembed\" frameborder=\"0\" allow=\"accelerometer; autoplay; clipboard-write; encrypted-media; gyroscope; picture-in-picture; web-share\" referrerpolicy=\"strict-origin-when-cross-origin\" allowfullscreen><\/iframe>\n<\/div><\/figure>\n\n\n\n<p>Luciana Victoria V\u00e9lez, atleta del club andaluz, explic\u00f3 que en el encuentro trabajaron pruebas de velocidad a distancias cortas, destacando el valor de medirse frente a otros equipos.<\/p>\n\n\n\n<p>Asimismo, Loren Castro Posso resalt\u00f3 que estas competencias permiten fortalecer la resistencia y el rendimiento de cada atleta.<\/p>\n\n\n\n<p>Por su parte, Jaider David Lleras Garz\u00f3n, deportista de paratletismo, comparti\u00f3 que el deporte le ha ayudado a mantener equilibrio en su vida personal y acad\u00e9mica, y que estos espacios son fundamentales para seguir progresando.<\/p>\n\n\n\n<p>El evento dej\u00f3 en evidencia la pasi\u00f3n, la disciplina y el compromiso de los atletas del Valle del Cauca, quienes contin\u00faan prepar\u00e1ndose para futuras competencias regionales y nacionales.<\/p>\n","protected":false},"excerpt":{"rendered":"<p>El atletismo vallecaucano contin\u00faa demostrando su crecimiento y compromiso. En el municipio de Tulu\u00e1 se llev\u00f3 a cabo una jornada de fogueo entre deportistas locales y atletas del club de Andaluc\u00eda, con el objetivo de mejorar marcas y fortalecer la preparaci\u00f3n f\u00edsica y t\u00e9cnica de los participantes. Luciana Victoria V\u00e9lez, atleta del club andaluz, explic\u00f3 [&hellip;]<\/p>\n","protected":false},"author":3,"featured_media":39434,"comment_status":"open","ping_status":"open","sticky":false,"template":"","format":"video","meta":{"footnotes":""},"categories":[1],"tags":[],"class_list":["post-39397","post","type-post","status-publish","format-video","has-post-thumbnail","hentry","category-uncategorized","post_format-post-format-video"],"_links":{"self":[{"href":"https:\/\/cnctulua.tv\/index.php?rest_route=\/wp\/v2\/posts\/39397","targetHints":{"allow":["GET"]}}],"collection":[{"href":"https:\/\/cnctulua.tv\/index.php?rest_route=\/wp\/v2\/posts"}],"about":[{"href":"https:\/\/cnctulua.tv\/index.php?rest_route=\/wp\/v2\/types\/post"}],"author":[{"embeddable":true,"href":"https:\/\/cnctulua.tv\/index.php?rest_route=\/wp\/v2\/users\/3"}],"replies":[{"embeddable":true,"href":"https:\/\/cnctulua.tv\/index.php?rest_route=%2Fwp%2Fv2%2Fcomments&post=39397"}],"version-history":[{"count":1,"href":"https:\/\/cnctulua.tv\/index.php?rest_route=\/wp\/v2\/posts\/39397\/revisions"}],"predecessor-version":[{"id":39439,"href":"https:\/\/cnctulua.tv\/index.php?rest_route=\/wp\/v2\/posts\/39397\/revisions\/39439"}],"wp:featuredmedia":[{"embeddable":true,"href":"https:\/\/cnctulua.tv\/index.php?rest_route=\/wp\/v2\/media\/39434"}],"wp:attachment":[{"href":"https:\/\/cnctulua.tv\/index.php?rest_route=%2Fwp%2Fv2%2Fmedia&parent=39397"}],"wp:term":[{"taxonomy":"category","embeddable":true,"href":"https:\/\/cnctulua.tv\/index.php?rest_route=%2Fwp%2Fv2%2Fcategories&post=39397"},{"taxonomy":"post_tag","embeddable":true,"href":"https:\/\/cnctulua.tv\/index.php?rest_route=%2Fwp%2Fv2%2Ftags&post=39397"}],"curies":[{"name":"wp","href":"https:\/\/api.w.org\/{rel}","templated":true}]}}