{"id":39405,"date":"2025-11-13T16:38:28","date_gmt":"2025-11-13T16:38:28","guid":{"rendered":"https:\/\/cnctulua.tv\/?p=39405"},"modified":"2025-11-13T16:38:28","modified_gmt":"2025-11-13T16:38:28","slug":"refuerzan-la-seguridad-en-tulua-tras-aval-de-extradicion-de-alias-pipe-tulua","status":"publish","type":"post","link":"https:\/\/cnctulua.tv\/?p=39405","title":{"rendered":"Refuerzan la seguridad en Tulu\u00e1 tras aval de extradici\u00f3n de alias \u2018Pipe Tulu\u00e1\u2019."},"content":{"rendered":"\n<p>Con el prop\u00f3sito de fortalecer la seguridad ciudadana en el municipio de Tulu\u00e1, la Gobernaci\u00f3n del Valle del Cauca, en coordinaci\u00f3n con la Fuerza P\u00fablica, anunci\u00f3 el refuerzo de los dispositivos de vigilancia y control luego de que la Corte Suprema de Justicia avalara la extradici\u00f3n de alias \u2018Pipe Tulu\u00e1\u2019, se\u00f1alado cabecilla de la estructura delincuencial La Inmaculada.<\/p>\n\n\n\n<figure class=\"wp-block-embed is-type-video is-provider-youtube wp-block-embed-youtube wp-embed-aspect-16-9 wp-has-aspect-ratio\"><div class=\"wp-block-embed__wrapper\">\n<iframe loading=\"lazy\" title=\"\ud83d\udc6e\u200d\u2642\ufe0f Refuerzan la seguridad en Tulu\u00e1 tras decisi\u00f3n judicial sobre alias \u2018Pipe Tulu\u00e1\u2019.\" width=\"640\" height=\"360\" src=\"https:\/\/www.youtube.com\/embed\/dekFx5pxQQs?feature=oembed\" frameborder=\"0\" allow=\"accelerometer; autoplay; clipboard-write; encrypted-media; gyroscope; picture-in-picture; web-share\" referrerpolicy=\"strict-origin-when-cross-origin\" allowfullscreen><\/iframe>\n<\/div><\/figure>\n\n\n\n<p>El secretario de Convivencia y Seguridad Ciudadana del Valle, Guillermo Londo\u00f1o, inform\u00f3 que la gobernadora Dilian Francisca Toro orden\u00f3 un despliegue institucional para garantizar la tranquilidad en el municipio.<\/p>\n\n\n\n<p>\u201cVamos a fortalecer los ingresos y salidas del municipio, con presencia institucional de la Polic\u00eda Nacional y el Ej\u00e9rcito\u201d, se\u00f1al\u00f3 Londo\u00f1o.<\/p>\n\n\n\n<p>El funcionario explic\u00f3 que tambi\u00e9n se reforzar\u00e1 la articulaci\u00f3n con la Alcald\u00eda de Tulu\u00e1 y con el Centro de Gesti\u00f3n de Emergencias y Seguridad (CGES) en Buga, dentro de la estrategia Corredores Seguros, con el fin de monitorear en tiempo real cualquier situaci\u00f3n que afecte el orden p\u00fablico.<\/p>\n\n\n\n<p>\u201cQueremos decirles a los tulue\u00f1os que la Gobernaci\u00f3n est\u00e1 al frente de la seguridad y que esperamos que todo transcurra con normalidad\u201d, a\u00f1adi\u00f3 el secretario.<\/p>\n\n\n\n<p>Con estas acciones, la Gobernaci\u00f3n del Valle, en coordinaci\u00f3n con la Polic\u00eda y el Ej\u00e9rcito, busca mantener la tranquilidad de los tulue\u00f1os y de los visitantes que llegan a la regi\u00f3n.<\/p>\n","protected":false},"excerpt":{"rendered":"<p>Con el prop\u00f3sito de fortalecer la seguridad ciudadana en el municipio de Tulu\u00e1, la Gobernaci\u00f3n del Valle del Cauca, en coordinaci\u00f3n con la Fuerza P\u00fablica, anunci\u00f3 el refuerzo de los dispositivos de vigilancia y control luego de que la Corte Suprema de Justicia avalara la extradici\u00f3n de alias \u2018Pipe Tulu\u00e1\u2019, se\u00f1alado cabecilla de la estructura [&hellip;]<\/p>\n","protected":false},"author":3,"featured_media":39407,"comment_status":"open","ping_status":"open","sticky":false,"template":"","format":"video","meta":{"footnotes":""},"categories":[1],"tags":[],"class_list":["post-39405","post","type-post","status-publish","format-video","has-post-thumbnail","hentry","category-uncategorized","post_format-post-format-video"],"_links":{"self":[{"href":"https:\/\/cnctulua.tv\/index.php?rest_route=\/wp\/v2\/posts\/39405","targetHints":{"allow":["GET"]}}],"collection":[{"href":"https:\/\/cnctulua.tv\/index.php?rest_route=\/wp\/v2\/posts"}],"about":[{"href":"https:\/\/cnctulua.tv\/index.php?rest_route=\/wp\/v2\/types\/post"}],"author":[{"embeddable":true,"href":"https:\/\/cnctulua.tv\/index.php?rest_route=\/wp\/v2\/users\/3"}],"replies":[{"embeddable":true,"href":"https:\/\/cnctulua.tv\/index.php?rest_route=%2Fwp%2Fv2%2Fcomments&post=39405"}],"version-history":[{"count":1,"href":"https:\/\/cnctulua.tv\/index.php?rest_route=\/wp\/v2\/posts\/39405\/revisions"}],"predecessor-version":[{"id":39408,"href":"https:\/\/cnctulua.tv\/index.php?rest_route=\/wp\/v2\/posts\/39405\/revisions\/39408"}],"wp:featuredmedia":[{"embeddable":true,"href":"https:\/\/cnctulua.tv\/index.php?rest_route=\/wp\/v2\/media\/39407"}],"wp:attachment":[{"href":"https:\/\/cnctulua.tv\/index.php?rest_route=%2Fwp%2Fv2%2Fmedia&parent=39405"}],"wp:term":[{"taxonomy":"category","embeddable":true,"href":"https:\/\/cnctulua.tv\/index.php?rest_route=%2Fwp%2Fv2%2Fcategories&post=39405"},{"taxonomy":"post_tag","embeddable":true,"href":"https:\/\/cnctulua.tv\/index.php?rest_route=%2Fwp%2Fv2%2Ftags&post=39405"}],"curies":[{"name":"wp","href":"https:\/\/api.w.org\/{rel}","templated":true}]}}