{"id":39419,"date":"2025-11-13T17:38:52","date_gmt":"2025-11-13T17:38:52","guid":{"rendered":"https:\/\/cnctulua.tv\/?p=39419"},"modified":"2025-11-13T17:38:52","modified_gmt":"2025-11-13T17:38:52","slug":"judicializados-14-presuntos-integrantes-de-red-de-microtrafico-en-cartago","status":"publish","type":"post","link":"https:\/\/cnctulua.tv\/?p=39419","title":{"rendered":"Judicializados 14 presuntos integrantes de red de microtr\u00e1fico en Cartago."},"content":{"rendered":"\n<p>La Fiscal\u00eda General de la Naci\u00f3n judicializ\u00f3 a catorce personas se\u00f1aladas de integrar la red delincuencial \u201cLa Vieja\u201d, presuntamente dedicada al tr\u00e1fico local de estupefacientes en el barrio Bellavista del municipio de Cartago (Valle del Cauca).<\/p>\n\n\n\n<figure class=\"wp-block-embed is-type-video is-provider-youtube wp-block-embed-youtube wp-embed-aspect-16-9 wp-has-aspect-ratio\"><div class=\"wp-block-embed__wrapper\">\n<iframe loading=\"lazy\" title=\"\ud83c\udfa5 Desmantelan red de microtr\u00e1fico en Cartago Valle.\" width=\"640\" height=\"360\" src=\"https:\/\/www.youtube.com\/embed\/snK5gSA5bWo?feature=oembed\" frameborder=\"0\" allow=\"accelerometer; autoplay; clipboard-write; encrypted-media; gyroscope; picture-in-picture; web-share\" referrerpolicy=\"strict-origin-when-cross-origin\" allowfullscreen><\/iframe>\n<\/div><\/figure>\n\n\n\n<p>Las labores de polic\u00eda judicial permitieron establecer que los implicados estar\u00edan involucrados en al menos ocho hechos delictivos relacionados con la comercializaci\u00f3n de drogas en esa zona.<\/p>\n\n\n\n<p>Los procesados fueron capturados entre el 29 y el 31 de octubre y se les imputaron los delitos de concierto para delinquir agravado y fabricaci\u00f3n o porte de estupefacientes.<\/p>\n\n\n\n<p>De los capturados, diez recibieron medida de aseguramiento en centro carcelario y cuatro fueron cobijados con detenci\u00f3n domiciliaria.<\/p>\n","protected":false},"excerpt":{"rendered":"<p>La Fiscal\u00eda General de la Naci\u00f3n judicializ\u00f3 a catorce personas se\u00f1aladas de integrar la red delincuencial \u201cLa Vieja\u201d, presuntamente dedicada al tr\u00e1fico local de estupefacientes en el barrio Bellavista del municipio de Cartago (Valle del Cauca). Las labores de polic\u00eda judicial permitieron establecer que los implicados estar\u00edan involucrados en al menos ocho hechos delictivos relacionados [&hellip;]<\/p>\n","protected":false},"author":3,"featured_media":39420,"comment_status":"open","ping_status":"open","sticky":false,"template":"","format":"video","meta":{"footnotes":""},"categories":[1],"tags":[],"class_list":["post-39419","post","type-post","status-publish","format-video","has-post-thumbnail","hentry","category-uncategorized","post_format-post-format-video"],"_links":{"self":[{"href":"https:\/\/cnctulua.tv\/index.php?rest_route=\/wp\/v2\/posts\/39419","targetHints":{"allow":["GET"]}}],"collection":[{"href":"https:\/\/cnctulua.tv\/index.php?rest_route=\/wp\/v2\/posts"}],"about":[{"href":"https:\/\/cnctulua.tv\/index.php?rest_route=\/wp\/v2\/types\/post"}],"author":[{"embeddable":true,"href":"https:\/\/cnctulua.tv\/index.php?rest_route=\/wp\/v2\/users\/3"}],"replies":[{"embeddable":true,"href":"https:\/\/cnctulua.tv\/index.php?rest_route=%2Fwp%2Fv2%2Fcomments&post=39419"}],"version-history":[{"count":1,"href":"https:\/\/cnctulua.tv\/index.php?rest_route=\/wp\/v2\/posts\/39419\/revisions"}],"predecessor-version":[{"id":39425,"href":"https:\/\/cnctulua.tv\/index.php?rest_route=\/wp\/v2\/posts\/39419\/revisions\/39425"}],"wp:featuredmedia":[{"embeddable":true,"href":"https:\/\/cnctulua.tv\/index.php?rest_route=\/wp\/v2\/media\/39420"}],"wp:attachment":[{"href":"https:\/\/cnctulua.tv\/index.php?rest_route=%2Fwp%2Fv2%2Fmedia&parent=39419"}],"wp:term":[{"taxonomy":"category","embeddable":true,"href":"https:\/\/cnctulua.tv\/index.php?rest_route=%2Fwp%2Fv2%2Fcategories&post=39419"},{"taxonomy":"post_tag","embeddable":true,"href":"https:\/\/cnctulua.tv\/index.php?rest_route=%2Fwp%2Fv2%2Ftags&post=39419"}],"curies":[{"name":"wp","href":"https:\/\/api.w.org\/{rel}","templated":true}]}}