{"id":39474,"date":"2025-11-14T15:59:09","date_gmt":"2025-11-14T15:59:09","guid":{"rendered":"https:\/\/cnctulua.tv\/?p=39474"},"modified":"2025-11-14T15:59:09","modified_gmt":"2025-11-14T15:59:09","slug":"armada-intensifica-busqueda-de-cinco-desaparecidos-tras-naufragio-en-el-rio-naya","status":"publish","type":"post","link":"https:\/\/cnctulua.tv\/?p=39474","title":{"rendered":"Armada intensifica b\u00fasqueda de cinco desaparecidos tras naufragio en el r\u00edo Naya."},"content":{"rendered":"\n<p>La Armada de Colombia, en articulaci\u00f3n con la Direcci\u00f3n General Mar\u00edtima, contin\u00faa las labores de b\u00fasqueda y rescate de cinco personas desaparecidas tras el naufragio de la motonave \u201cDon Alfredo\u201d el pasado 3 de octubre en aguas del r\u00edo Naya, en el Pac\u00edfico colombiano.<\/p>\n\n\n\n<figure class=\"wp-block-embed is-type-video is-provider-youtube wp-block-embed-youtube wp-embed-aspect-16-9 wp-has-aspect-ratio\"><div class=\"wp-block-embed__wrapper\">\n<iframe loading=\"lazy\" title=\"\ud83d\udea2 Contin\u00faa la b\u00fasqueda de cinco personas desaparecidas en el Pac\u00edfico. \ud83c\udf0a\ud83d\udea4\" width=\"640\" height=\"360\" src=\"https:\/\/www.youtube.com\/embed\/0NKe7E30j40?feature=oembed\" frameborder=\"0\" allow=\"accelerometer; autoplay; clipboard-write; encrypted-media; gyroscope; picture-in-picture; web-share\" referrerpolicy=\"strict-origin-when-cross-origin\" allowfullscreen><\/iframe>\n<\/div><\/figure>\n\n\n\n<p>Tres adultos y dos menores siguen sin ser encontrados, mientras la operaci\u00f3n avanza con apoyo de unidades de Guardacostas, un buque de la Fuerza Naval del Pac\u00edfico y un bote tipo Soundermax equipado con tecnolog\u00eda hidrogr\u00e1fica Multihaz. Con este sistema se realiza un levantamiento batim\u00e9trico detallado del fondo marino en busca de anomal\u00edas que puedan aportar indicios sobre la embarcaci\u00f3n siniestrada.<\/p>\n\n\n\n<p>Las dif\u00edciles condiciones meteomarinas no han detenido los trabajos, que incluyen exploraciones en mar abierto, evaluaci\u00f3n de zonas cr\u00edticas y verificaci\u00f3n de posibles restos. En paralelo, equipos en tierra coordinan la log\u00edstica de la misi\u00f3n y mantienen un monitoreo constante del operativo.<\/p>\n\n\n\n<p>La Armada y la Direcci\u00f3n General Mar\u00edtima reiteraron su compromiso con la protecci\u00f3n de la vida humana en el mar y habilitaron las l\u00edneas 146 de Guardacostas y el n\u00famero 3104764888 para recibir informaci\u00f3n que ayude a ubicar a las personas desaparecidas.<\/p>\n","protected":false},"excerpt":{"rendered":"<p>La Armada de Colombia, en articulaci\u00f3n con la Direcci\u00f3n General Mar\u00edtima, contin\u00faa las labores de b\u00fasqueda y rescate de cinco personas desaparecidas tras el naufragio de la motonave \u201cDon Alfredo\u201d el pasado 3 de octubre en aguas del r\u00edo Naya, en el Pac\u00edfico colombiano. Tres adultos y dos menores siguen sin ser encontrados, mientras la [&hellip;]<\/p>\n","protected":false},"author":3,"featured_media":39475,"comment_status":"open","ping_status":"open","sticky":false,"template":"","format":"video","meta":{"footnotes":""},"categories":[1],"tags":[],"class_list":["post-39474","post","type-post","status-publish","format-video","has-post-thumbnail","hentry","category-uncategorized","post_format-post-format-video"],"_links":{"self":[{"href":"https:\/\/cnctulua.tv\/index.php?rest_route=\/wp\/v2\/posts\/39474","targetHints":{"allow":["GET"]}}],"collection":[{"href":"https:\/\/cnctulua.tv\/index.php?rest_route=\/wp\/v2\/posts"}],"about":[{"href":"https:\/\/cnctulua.tv\/index.php?rest_route=\/wp\/v2\/types\/post"}],"author":[{"embeddable":true,"href":"https:\/\/cnctulua.tv\/index.php?rest_route=\/wp\/v2\/users\/3"}],"replies":[{"embeddable":true,"href":"https:\/\/cnctulua.tv\/index.php?rest_route=%2Fwp%2Fv2%2Fcomments&post=39474"}],"version-history":[{"count":1,"href":"https:\/\/cnctulua.tv\/index.php?rest_route=\/wp\/v2\/posts\/39474\/revisions"}],"predecessor-version":[{"id":39480,"href":"https:\/\/cnctulua.tv\/index.php?rest_route=\/wp\/v2\/posts\/39474\/revisions\/39480"}],"wp:featuredmedia":[{"embeddable":true,"href":"https:\/\/cnctulua.tv\/index.php?rest_route=\/wp\/v2\/media\/39475"}],"wp:attachment":[{"href":"https:\/\/cnctulua.tv\/index.php?rest_route=%2Fwp%2Fv2%2Fmedia&parent=39474"}],"wp:term":[{"taxonomy":"category","embeddable":true,"href":"https:\/\/cnctulua.tv\/index.php?rest_route=%2Fwp%2Fv2%2Fcategories&post=39474"},{"taxonomy":"post_tag","embeddable":true,"href":"https:\/\/cnctulua.tv\/index.php?rest_route=%2Fwp%2Fv2%2Ftags&post=39474"}],"curies":[{"name":"wp","href":"https:\/\/api.w.org\/{rel}","templated":true}]}}