{"id":39478,"date":"2025-11-14T16:45:25","date_gmt":"2025-11-14T16:45:25","guid":{"rendered":"https:\/\/cnctulua.tv\/?p=39478"},"modified":"2025-11-14T16:45:25","modified_gmt":"2025-11-14T16:45:25","slug":"cali-fue-sede-de-la-ii-feria-para-la-transparencia-del-valle-del-cauca","status":"publish","type":"post","link":"https:\/\/cnctulua.tv\/?p=39478","title":{"rendered":"Cali fue sede de la II Feria para la Transparencia del Valle del Cauca."},"content":{"rendered":"\n<p>La Gobernaci\u00f3n del Valle del Cauca llev\u00f3 a cabo en Cali la II Feria para la Transparencia, un espacio de rendici\u00f3n de cuentas dirigido a m\u00e1s de 220 l\u00edderes ciudadanos. El evento destac\u00f3 las estrategias que fortalecen el Gobierno Abierto, la participaci\u00f3n ciudadana y el control social en la gesti\u00f3n p\u00fablica.<\/p>\n\n\n\n<figure class=\"wp-block-embed is-type-video is-provider-youtube wp-block-embed-youtube wp-embed-aspect-16-9 wp-has-aspect-ratio\"><div class=\"wp-block-embed__wrapper\">\n<iframe loading=\"lazy\" title=\"\ud83c\udfdb\ufe0f\ud83d\udd0d\u2728 Cali acogi\u00f3 la II Feria para la Transparencia.\" width=\"640\" height=\"360\" src=\"https:\/\/www.youtube.com\/embed\/p-hgyzUMJ7g?feature=oembed\" frameborder=\"0\" allow=\"accelerometer; autoplay; clipboard-write; encrypted-media; gyroscope; picture-in-picture; web-share\" referrerpolicy=\"strict-origin-when-cross-origin\" allowfullscreen><\/iframe>\n<\/div><\/figure>\n\n\n\n<p>La gobernadora Dilian Francisca Toro explic\u00f3 que su administraci\u00f3n mantiene una rendici\u00f3n de cuentas permanente basada en transparencia e informaci\u00f3n abierta. El Valle del Cauca, adem\u00e1s, es pionero en el Nodo Territorial de Rendici\u00f3n de Cuentas, que ha permitido desarrollar encuentros descentralizados en sectores clave.<\/p>\n\n\n\n<figure class=\"wp-block-image size-large\"><img loading=\"lazy\" decoding=\"async\" width=\"1024\" height=\"682\" src=\"https:\/\/cnctulua.tv\/wp-content\/uploads\/2025\/11\/apoyos-LUCHA-ANTICORRUPCION-1-1024x682.jpeg\" alt=\"\" class=\"wp-image-39484\" srcset=\"https:\/\/cnctulua.tv\/wp-content\/uploads\/2025\/11\/apoyos-LUCHA-ANTICORRUPCION-1-1024x682.jpeg 1024w, https:\/\/cnctulua.tv\/wp-content\/uploads\/2025\/11\/apoyos-LUCHA-ANTICORRUPCION-1-300x200.jpeg 300w, https:\/\/cnctulua.tv\/wp-content\/uploads\/2025\/11\/apoyos-LUCHA-ANTICORRUPCION-1-768x512.jpeg 768w, https:\/\/cnctulua.tv\/wp-content\/uploads\/2025\/11\/apoyos-LUCHA-ANTICORRUPCION-1.jpeg 1280w\" sizes=\"auto, (max-width: 1024px) 100vw, 1024px\" \/><\/figure>\n\n\n\n<p>Durante la feria se reconoci\u00f3 a Yumbo, Palmira, Candelaria, El Cerrito y Cali por sus buenas pr\u00e1cticas en transparencia. Tambi\u00e9n fueron certificados 150 nuevos veedores ciudadanos.<\/p>\n\n\n\n<p>La Oficina para la Transparencia de la Gesti\u00f3n P\u00fablica present\u00f3 la plataforma Valle Transparente, desarrollada con apoyo de Naciones Unidas, que permite consultar y hacer seguimiento a obras del departamento. L\u00edderes ciudadanos resaltaron el acceso a informaci\u00f3n clara y herramientas que fortalecen el acercamiento entre la comunidad y las instituciones.<\/p>\n\n\n\n<p>Plataformas como Valle Transparente, Sigesi, Sarlaft y los Conversatorios Ciudadanos contin\u00faan consolid\u00e1ndose como mecanismos de control social informado en el departamento.<\/p>\n","protected":false},"excerpt":{"rendered":"<p>La Gobernaci\u00f3n del Valle del Cauca llev\u00f3 a cabo en Cali la II Feria para la Transparencia, un espacio de rendici\u00f3n de cuentas dirigido a m\u00e1s de 220 l\u00edderes ciudadanos. El evento destac\u00f3 las estrategias que fortalecen el Gobierno Abierto, la participaci\u00f3n ciudadana y el control social en la gesti\u00f3n p\u00fablica. La gobernadora Dilian Francisca [&hellip;]<\/p>\n","protected":false},"author":3,"featured_media":39483,"comment_status":"open","ping_status":"open","sticky":false,"template":"","format":"video","meta":{"footnotes":""},"categories":[10,1515],"tags":[],"class_list":["post-39478","post","type-post","status-publish","format-video","has-post-thumbnail","hentry","category-cnc-noticias-tulua","category-cnc-tulua","post_format-post-format-video"],"_links":{"self":[{"href":"https:\/\/cnctulua.tv\/index.php?rest_route=\/wp\/v2\/posts\/39478","targetHints":{"allow":["GET"]}}],"collection":[{"href":"https:\/\/cnctulua.tv\/index.php?rest_route=\/wp\/v2\/posts"}],"about":[{"href":"https:\/\/cnctulua.tv\/index.php?rest_route=\/wp\/v2\/types\/post"}],"author":[{"embeddable":true,"href":"https:\/\/cnctulua.tv\/index.php?rest_route=\/wp\/v2\/users\/3"}],"replies":[{"embeddable":true,"href":"https:\/\/cnctulua.tv\/index.php?rest_route=%2Fwp%2Fv2%2Fcomments&post=39478"}],"version-history":[{"count":1,"href":"https:\/\/cnctulua.tv\/index.php?rest_route=\/wp\/v2\/posts\/39478\/revisions"}],"predecessor-version":[{"id":39485,"href":"https:\/\/cnctulua.tv\/index.php?rest_route=\/wp\/v2\/posts\/39478\/revisions\/39485"}],"wp:featuredmedia":[{"embeddable":true,"href":"https:\/\/cnctulua.tv\/index.php?rest_route=\/wp\/v2\/media\/39483"}],"wp:attachment":[{"href":"https:\/\/cnctulua.tv\/index.php?rest_route=%2Fwp%2Fv2%2Fmedia&parent=39478"}],"wp:term":[{"taxonomy":"category","embeddable":true,"href":"https:\/\/cnctulua.tv\/index.php?rest_route=%2Fwp%2Fv2%2Fcategories&post=39478"},{"taxonomy":"post_tag","embeddable":true,"href":"https:\/\/cnctulua.tv\/index.php?rest_route=%2Fwp%2Fv2%2Ftags&post=39478"}],"curies":[{"name":"wp","href":"https:\/\/api.w.org\/{rel}","templated":true}]}}