{"id":39554,"date":"2025-11-18T15:23:57","date_gmt":"2025-11-18T15:23:57","guid":{"rendered":"https:\/\/cnctulua.tv\/?p=39554"},"modified":"2025-11-18T15:33:31","modified_gmt":"2025-11-18T15:33:31","slug":"ola-de-atentados-en-cali-policia-vincula-a-disidencias-farc-con-ataques-a-cai-estacion-los-mangos-y-rcn","status":"publish","type":"post","link":"https:\/\/cnctulua.tv\/?p=39554","title":{"rendered":"Ola de Atentados en Cali: Polic\u00eda vincula a disidencias FARC con ataques a CAI, Estaci\u00f3n Los Mangos y RCN."},"content":{"rendered":"\n<p>El Comandante Henry Yesid Bello Cubides confirm\u00f3 que se usaron granadas IM-26 en los tres ataques. La investigaci\u00f3n se centra en dos sujetos en motocicleta y un posible outsourcing criminal entre el frente Manuel Cepeda Vargas y otras estructuras.<\/p>\n\n\n\n<figure class=\"wp-block-embed is-type-video is-provider-youtube wp-block-embed-youtube wp-embed-aspect-16-9 wp-has-aspect-ratio\"><div class=\"wp-block-embed__wrapper\">\n<iframe loading=\"lazy\" title=\"\ud83d\udea8 ONDA DE ATENTADOS EN CALI: Disidencias FARC detr\u00e1s de los ataques con granadas.\" width=\"640\" height=\"360\" src=\"https:\/\/www.youtube.com\/embed\/0i0NC5kfnRI?feature=oembed\" frameborder=\"0\" allow=\"accelerometer; autoplay; clipboard-write; encrypted-media; gyroscope; picture-in-picture; web-share\" referrerpolicy=\"strict-origin-when-cross-origin\" allowfullscreen><\/iframe>\n<\/div><\/figure>\n\n\n\n<p>La Polic\u00eda Metropolitana de Cali confirm\u00f3 la vinculaci\u00f3n de grupos armados ilegales con la reciente cadena de ataques terroristas ocurridos en la ciudad en menos de una semana. El Coronel Henry Yesid Bello Cubides, Comandante de la Polic\u00eda, se\u00f1al\u00f3 directamente a estructuras que operan bajo el nombre de la disidencia Manuel Cepeda Vargas.<\/p>\n\n\n\n<p>El Coronel Bello detall\u00f3 que los atentados han seguido un patr\u00f3n similar, utilizando granadas de fragmentaci\u00f3n IM-26, que han causado da\u00f1os materiales en fachadas y vidrios. Los objetivos han sido:<\/p>\n\n\n\n<p>Estaci\u00f3n de Polic\u00eda Los Mangos: Donde result\u00f3 lesionado un subintendente y un auxiliar de polic\u00eda que se encontraban de servicio de centinela.<\/p>\n\n\n\n<p>Sede del medio de comunicaci\u00f3n RCN: Un primer artefacto no deton\u00f3, pero el segundo s\u00ed caus\u00f3 da\u00f1os materiales en la fachada.<\/p>\n\n\n\n<p>CAI Charco Azul: El ataque m\u00e1s reciente donde, infortunadamente, un canino que se encontraba cerca fue impactado por una esquirla y falleci\u00f3.<\/p>\n\n\n\n<p>La Polic\u00eda y la Fiscal\u00eda, trabajando conjuntamente, est\u00e1n investigando un posible modelo de \u00aboutsourcing\u00bb criminal, donde la Manuel Cepeda Vargas estar\u00eda subcontratando a otros delincuentes para ejecutar estos actos. Adem\u00e1s, se busca establecer si hay conexi\u00f3n con el Frente Jaime Mart\u00ednez.<\/p>\n\n\n\n<p>\u00abEstamos estableciendo si tiene un outsourcing el frente Jaime Mart\u00ednez con la Manuel Cepeda Vargas que delinque en algunas partes de la ciudad de Cali,\u00bb confirm\u00f3 el Comandante Bello.<\/p>\n\n\n\n<p>Tras los circuitos cerrados de televisi\u00f3n de la Alcald\u00eda y de particulares, las autoridades han identificado a dos delincuentes en motocicleta que son los responsables de arrojar las granadas. La Polic\u00eda est\u00e1 trazando la ruta de escape y solicitando informaci\u00f3n a las empresas de telefon\u00eda m\u00f3vil para lograr la plena identificaci\u00f3n.<\/p>\n\n\n\n<p>El Comandante agradeci\u00f3 la confianza de los ciudadanos y reiter\u00f3 el llamado a la colaboraci\u00f3n, asegurando que la Alcald\u00eda de Cali mantendr\u00e1 las recompensas ofrecidas por informaci\u00f3n que conduzca a la captura de los responsables.<\/p>\n","protected":false},"excerpt":{"rendered":"<p>El Comandante Henry Yesid Bello Cubides confirm\u00f3 que se usaron granadas IM-26 en los tres ataques. La investigaci\u00f3n se centra en dos sujetos en motocicleta y un posible outsourcing criminal entre el frente Manuel Cepeda Vargas y otras estructuras. La Polic\u00eda Metropolitana de Cali confirm\u00f3 la vinculaci\u00f3n de grupos armados ilegales con la reciente cadena [&hellip;]<\/p>\n","protected":false},"author":3,"featured_media":39555,"comment_status":"open","ping_status":"open","sticky":false,"template":"","format":"video","meta":{"footnotes":""},"categories":[10,1515],"tags":[],"class_list":["post-39554","post","type-post","status-publish","format-video","has-post-thumbnail","hentry","category-cnc-noticias-tulua","category-cnc-tulua","post_format-post-format-video"],"_links":{"self":[{"href":"https:\/\/cnctulua.tv\/index.php?rest_route=\/wp\/v2\/posts\/39554","targetHints":{"allow":["GET"]}}],"collection":[{"href":"https:\/\/cnctulua.tv\/index.php?rest_route=\/wp\/v2\/posts"}],"about":[{"href":"https:\/\/cnctulua.tv\/index.php?rest_route=\/wp\/v2\/types\/post"}],"author":[{"embeddable":true,"href":"https:\/\/cnctulua.tv\/index.php?rest_route=\/wp\/v2\/users\/3"}],"replies":[{"embeddable":true,"href":"https:\/\/cnctulua.tv\/index.php?rest_route=%2Fwp%2Fv2%2Fcomments&post=39554"}],"version-history":[{"count":2,"href":"https:\/\/cnctulua.tv\/index.php?rest_route=\/wp\/v2\/posts\/39554\/revisions"}],"predecessor-version":[{"id":39559,"href":"https:\/\/cnctulua.tv\/index.php?rest_route=\/wp\/v2\/posts\/39554\/revisions\/39559"}],"wp:featuredmedia":[{"embeddable":true,"href":"https:\/\/cnctulua.tv\/index.php?rest_route=\/wp\/v2\/media\/39555"}],"wp:attachment":[{"href":"https:\/\/cnctulua.tv\/index.php?rest_route=%2Fwp%2Fv2%2Fmedia&parent=39554"}],"wp:term":[{"taxonomy":"category","embeddable":true,"href":"https:\/\/cnctulua.tv\/index.php?rest_route=%2Fwp%2Fv2%2Fcategories&post=39554"},{"taxonomy":"post_tag","embeddable":true,"href":"https:\/\/cnctulua.tv\/index.php?rest_route=%2Fwp%2Fv2%2Ftags&post=39554"}],"curies":[{"name":"wp","href":"https:\/\/api.w.org\/{rel}","templated":true}]}}