{"id":39575,"date":"2025-11-18T17:32:42","date_gmt":"2025-11-18T17:32:42","guid":{"rendered":"https:\/\/cnctulua.tv\/?p=39575"},"modified":"2025-11-18T17:32:42","modified_gmt":"2025-11-18T17:32:42","slug":"cuidadores-de-adultos-mayores-en-tulua-recibieron-capacitacion-integral","status":"publish","type":"post","link":"https:\/\/cnctulua.tv\/?p=39575","title":{"rendered":"Cuidadores de adultos mayores en Tulu\u00e1 recibieron capacitaci\u00f3n integral."},"content":{"rendered":"\n<p>Un total de 100 cuidadores de personas mayores participaron en una jornada de capacitaci\u00f3n en Tulu\u00e1, liderada por la Secretar\u00eda de Bienestar Social. La formaci\u00f3n estuvo enfocada en el fortalecimiento del cuidado, el autocuidado y el bienestar f\u00edsico, emocional y nutricional, tanto de los cuidadores como de los adultos mayores a su cargo.<\/p>\n\n\n\n<figure class=\"wp-block-embed is-type-video is-provider-youtube wp-block-embed-youtube wp-embed-aspect-16-9 wp-has-aspect-ratio\"><div class=\"wp-block-embed__wrapper\">\n<iframe loading=\"lazy\" title=\"\ud83d\udc75\ud83d\udc74 Cuidadores de personas mayores en Tulu\u00e1 fortalecen sus capacidades.\" width=\"640\" height=\"360\" src=\"https:\/\/www.youtube.com\/embed\/x04m1oqcC7A?feature=oembed\" frameborder=\"0\" allow=\"accelerometer; autoplay; clipboard-write; encrypted-media; gyroscope; picture-in-picture; web-share\" referrerpolicy=\"strict-origin-when-cross-origin\" allowfullscreen><\/iframe>\n<\/div><\/figure>\n\n\n\n<p>El objetivo del encuentro fue entregar herramientas pr\u00e1cticas que permitan mejorar la calidad del acompa\u00f1amiento que reciben las personas mayores y, al mismo tiempo, promover condiciones saludables para quienes ejercen el rol de cuidadores.<\/p>\n\n\n\n<figure class=\"wp-block-image size-large\"><img loading=\"lazy\" decoding=\"async\" width=\"1024\" height=\"768\" src=\"https:\/\/cnctulua.tv\/wp-content\/uploads\/2025\/11\/apoyos-CAPACITACION-ATENCION-INTEGRAL-6-1024x768.jpeg\" alt=\"\" class=\"wp-image-39577\" srcset=\"https:\/\/cnctulua.tv\/wp-content\/uploads\/2025\/11\/apoyos-CAPACITACION-ATENCION-INTEGRAL-6-1024x768.jpeg 1024w, https:\/\/cnctulua.tv\/wp-content\/uploads\/2025\/11\/apoyos-CAPACITACION-ATENCION-INTEGRAL-6-300x225.jpeg 300w, https:\/\/cnctulua.tv\/wp-content\/uploads\/2025\/11\/apoyos-CAPACITACION-ATENCION-INTEGRAL-6-768x576.jpeg 768w, https:\/\/cnctulua.tv\/wp-content\/uploads\/2025\/11\/apoyos-CAPACITACION-ATENCION-INTEGRAL-6-1536x1152.jpeg 1536w, https:\/\/cnctulua.tv\/wp-content\/uploads\/2025\/11\/apoyos-CAPACITACION-ATENCION-INTEGRAL-6-2048x1536.jpeg 2048w\" sizes=\"auto, (max-width: 1024px) 100vw, 1024px\" \/><\/figure>\n\n\n\n<p>Durante la actividad, se desarrollaron m\u00f3dulos sobre manejo emocional, pautas de alimentaci\u00f3n balanceada y ejercicios f\u00edsicos adaptados para personas mayores, incluidos aquellos que requieren atenci\u00f3n en cama. Estas rutinas buscan prevenir complicaciones relacionadas con la falta de movilidad y favorecer una mejor calidad de vida.<\/p>\n\n\n\n<p>La jornada forma parte de las estrategias del municipio para fortalecer la atenci\u00f3n a la poblaci\u00f3n mayor y mejorar las competencias de quienes brindan acompa\u00f1amiento permanente en los hogares.<\/p>\n","protected":false},"excerpt":{"rendered":"<p>Un total de 100 cuidadores de personas mayores participaron en una jornada de capacitaci\u00f3n en Tulu\u00e1, liderada por la Secretar\u00eda de Bienestar Social. La formaci\u00f3n estuvo enfocada en el fortalecimiento del cuidado, el autocuidado y el bienestar f\u00edsico, emocional y nutricional, tanto de los cuidadores como de los adultos mayores a su cargo. El objetivo [&hellip;]<\/p>\n","protected":false},"author":3,"featured_media":39592,"comment_status":"open","ping_status":"open","sticky":false,"template":"","format":"video","meta":{"footnotes":""},"categories":[1],"tags":[],"class_list":["post-39575","post","type-post","status-publish","format-video","has-post-thumbnail","hentry","category-uncategorized","post_format-post-format-video"],"_links":{"self":[{"href":"https:\/\/cnctulua.tv\/index.php?rest_route=\/wp\/v2\/posts\/39575","targetHints":{"allow":["GET"]}}],"collection":[{"href":"https:\/\/cnctulua.tv\/index.php?rest_route=\/wp\/v2\/posts"}],"about":[{"href":"https:\/\/cnctulua.tv\/index.php?rest_route=\/wp\/v2\/types\/post"}],"author":[{"embeddable":true,"href":"https:\/\/cnctulua.tv\/index.php?rest_route=\/wp\/v2\/users\/3"}],"replies":[{"embeddable":true,"href":"https:\/\/cnctulua.tv\/index.php?rest_route=%2Fwp%2Fv2%2Fcomments&post=39575"}],"version-history":[{"count":1,"href":"https:\/\/cnctulua.tv\/index.php?rest_route=\/wp\/v2\/posts\/39575\/revisions"}],"predecessor-version":[{"id":39593,"href":"https:\/\/cnctulua.tv\/index.php?rest_route=\/wp\/v2\/posts\/39575\/revisions\/39593"}],"wp:featuredmedia":[{"embeddable":true,"href":"https:\/\/cnctulua.tv\/index.php?rest_route=\/wp\/v2\/media\/39592"}],"wp:attachment":[{"href":"https:\/\/cnctulua.tv\/index.php?rest_route=%2Fwp%2Fv2%2Fmedia&parent=39575"}],"wp:term":[{"taxonomy":"category","embeddable":true,"href":"https:\/\/cnctulua.tv\/index.php?rest_route=%2Fwp%2Fv2%2Fcategories&post=39575"},{"taxonomy":"post_tag","embeddable":true,"href":"https:\/\/cnctulua.tv\/index.php?rest_route=%2Fwp%2Fv2%2Ftags&post=39575"}],"curies":[{"name":"wp","href":"https:\/\/api.w.org\/{rel}","templated":true}]}}