{"id":39580,"date":"2025-11-18T17:23:07","date_gmt":"2025-11-18T17:23:07","guid":{"rendered":"https:\/\/cnctulua.tv\/?p=39580"},"modified":"2025-11-18T17:23:07","modified_gmt":"2025-11-18T17:23:07","slug":"aseguramiento-en-carcel-para-dos-presuntos-responsables-de-triple-homicidio-en-ginebra","status":"publish","type":"post","link":"https:\/\/cnctulua.tv\/?p=39580","title":{"rendered":"Aseguramiento en c\u00e1rcel para dos presuntos responsables de triple homicidio en Ginebra."},"content":{"rendered":"\n<p>La Fiscal\u00eda General de la Naci\u00f3n logr\u00f3 la judicializaci\u00f3n de dos presuntos implicados en un triple homicidio registrado el pasado 19 de septiembre en la vereda Los Cocuyos, en Ginebra, Valle del Cauca. En los hechos tambi\u00e9n result\u00f3 herido un adolescente de 16 a\u00f1os.<\/p>\n\n\n\n<figure class=\"wp-block-embed is-type-video is-provider-youtube wp-block-embed-youtube wp-embed-aspect-16-9 wp-has-aspect-ratio\"><div class=\"wp-block-embed__wrapper\">\n<iframe loading=\"lazy\" title=\"\ud83d\udea8\u2696\ufe0f Dos capturados por triple homicidio en el municipio de Ginebra. \ud83d\ude94\" width=\"640\" height=\"360\" src=\"https:\/\/www.youtube.com\/embed\/mQ75-CZRTyQ?feature=oembed\" frameborder=\"0\" allow=\"accelerometer; autoplay; clipboard-write; encrypted-media; gyroscope; picture-in-picture; web-share\" referrerpolicy=\"strict-origin-when-cross-origin\" allowfullscreen><\/iframe>\n<\/div><\/figure>\n\n\n\n<p>Las labores investigativas permitieron identificar a Juan Esteban Vega Rodas y Miguel \u00c1ngel Caicedo Pulgar\u00edn, se\u00f1alados de ordenar y ejecutar respectivamente el ataque en el que murieron tres personas tras ser obligadas a salir de una vivienda por hombres armados.<\/p>\n\n\n\n<p>Vega Rodas habr\u00eda actuado como determinador de la acci\u00f3n criminal, mientras que Caicedo Pulgar\u00edn ser\u00eda uno de los autores materiales. Ambos fueron presentados ante un juez de control de garant\u00edas y enfrentan cargos por homicidio agravado, homicidio agravado en grado de tentativa y porte ilegal de armas de fuego.<\/p>\n\n\n\n<p>Aunque no aceptaron los cargos, el juez les impuso medida de aseguramiento en centro carcelario mientras contin\u00faan las diligencias judiciales.<\/p>\n","protected":false},"excerpt":{"rendered":"<p>La Fiscal\u00eda General de la Naci\u00f3n logr\u00f3 la judicializaci\u00f3n de dos presuntos implicados en un triple homicidio registrado el pasado 19 de septiembre en la vereda Los Cocuyos, en Ginebra, Valle del Cauca. En los hechos tambi\u00e9n result\u00f3 herido un adolescente de 16 a\u00f1os. Las labores investigativas permitieron identificar a Juan Esteban Vega Rodas y [&hellip;]<\/p>\n","protected":false},"author":3,"featured_media":39581,"comment_status":"open","ping_status":"open","sticky":false,"template":"","format":"video","meta":{"footnotes":""},"categories":[10],"tags":[],"class_list":["post-39580","post","type-post","status-publish","format-video","has-post-thumbnail","hentry","category-cnc-noticias-tulua","post_format-post-format-video"],"_links":{"self":[{"href":"https:\/\/cnctulua.tv\/index.php?rest_route=\/wp\/v2\/posts\/39580","targetHints":{"allow":["GET"]}}],"collection":[{"href":"https:\/\/cnctulua.tv\/index.php?rest_route=\/wp\/v2\/posts"}],"about":[{"href":"https:\/\/cnctulua.tv\/index.php?rest_route=\/wp\/v2\/types\/post"}],"author":[{"embeddable":true,"href":"https:\/\/cnctulua.tv\/index.php?rest_route=\/wp\/v2\/users\/3"}],"replies":[{"embeddable":true,"href":"https:\/\/cnctulua.tv\/index.php?rest_route=%2Fwp%2Fv2%2Fcomments&post=39580"}],"version-history":[{"count":1,"href":"https:\/\/cnctulua.tv\/index.php?rest_route=\/wp\/v2\/posts\/39580\/revisions"}],"predecessor-version":[{"id":39588,"href":"https:\/\/cnctulua.tv\/index.php?rest_route=\/wp\/v2\/posts\/39580\/revisions\/39588"}],"wp:featuredmedia":[{"embeddable":true,"href":"https:\/\/cnctulua.tv\/index.php?rest_route=\/wp\/v2\/media\/39581"}],"wp:attachment":[{"href":"https:\/\/cnctulua.tv\/index.php?rest_route=%2Fwp%2Fv2%2Fmedia&parent=39580"}],"wp:term":[{"taxonomy":"category","embeddable":true,"href":"https:\/\/cnctulua.tv\/index.php?rest_route=%2Fwp%2Fv2%2Fcategories&post=39580"},{"taxonomy":"post_tag","embeddable":true,"href":"https:\/\/cnctulua.tv\/index.php?rest_route=%2Fwp%2Fv2%2Ftags&post=39580"}],"curies":[{"name":"wp","href":"https:\/\/api.w.org\/{rel}","templated":true}]}}