{"id":39660,"date":"2025-11-19T18:16:51","date_gmt":"2025-11-19T18:16:51","guid":{"rendered":"https:\/\/cnctulua.tv\/?p=39660"},"modified":"2025-11-19T18:16:51","modified_gmt":"2025-11-19T18:16:51","slug":"atletas-tuluenos-brillan-en-festival-de-cali-y-muestran-relevo-generacional","status":"publish","type":"post","link":"https:\/\/cnctulua.tv\/?p=39660","title":{"rendered":"Atletas tulue\u00f1os brillan en festival de Cali y muestran relevo generacional."},"content":{"rendered":"\n<p>El atletismo de Tulu\u00e1 contin\u00faa renov\u00e1ndose. En un festival realizado en la ciudad de Cali, tres j\u00f3venes deportistas representaron al municipio y comenzaron a sumar experiencia en pista sint\u00e9tica, una superficie clave para su proyecci\u00f3n competitiva.<\/p>\n\n\n\n<figure class=\"wp-block-embed is-type-video is-provider-youtube wp-block-embed-youtube wp-embed-aspect-16-9 wp-has-aspect-ratio\"><div class=\"wp-block-embed__wrapper\">\n<iframe loading=\"lazy\" title=\"\ud83c\udfc3\u200d\u2640\ufe0f\ud83d\udd25 En Cali nueva generaci\u00f3n del atletismo tulue\u00f1o brilla con medallas de oro y plata.\" width=\"640\" height=\"360\" src=\"https:\/\/www.youtube.com\/embed\/cXXwBoRR32Q?feature=oembed\" frameborder=\"0\" allow=\"accelerometer; autoplay; clipboard-write; encrypted-media; gyroscope; picture-in-picture; web-share\" referrerpolicy=\"strict-origin-when-cross-origin\" allowfullscreen><\/iframe>\n<\/div><\/figure>\n\n\n\n<p>La atleta Martina, de 8 a\u00f1os, se qued\u00f3 con la medalla de oro en los 600 metros con un tiempo de 2:06, registro que la destaca como una corredora con gran potencial en pruebas de semifondo. Su hermana Salom\u00e9 tambi\u00e9n subi\u00f3 al podio al conquistar la medalla de plata en los 2.000 metros planos, confirmando que el proceso familiar viene mostrando consistencia.<\/p>\n\n\n\n<figure class=\"wp-block-image size-full\"><img loading=\"lazy\" decoding=\"async\" width=\"1000\" height=\"454\" src=\"https:\/\/cnctulua.tv\/wp-content\/uploads\/2025\/11\/tulueNO-EN-CALI.png\" alt=\"\" class=\"wp-image-39671\" srcset=\"https:\/\/cnctulua.tv\/wp-content\/uploads\/2025\/11\/tulueNO-EN-CALI.png 1000w, https:\/\/cnctulua.tv\/wp-content\/uploads\/2025\/11\/tulueNO-EN-CALI-300x136.png 300w, https:\/\/cnctulua.tv\/wp-content\/uploads\/2025\/11\/tulueNO-EN-CALI-768x349.png 768w\" sizes=\"auto, (max-width: 1000px) 100vw, 1000px\" \/><\/figure>\n\n\n\n<p>Otro atleta del grupo compiti\u00f3 por primera vez en una pista profesional, situaci\u00f3n que gener\u00f3 nerviosismo y afect\u00f3 su marca; sin embargo, el cuerpo t\u00e9cnico conf\u00eda en que, con m\u00e1s competencias y fogueo, podr\u00e1 estabilizar su rendimiento.<\/p>\n\n\n\n<p>El monitor Luis Eduardo Ar\u00e9valo explic\u00f3 que algunos atletas mayores culminan ciclo este a\u00f1o para continuar estudios fuera de Tulu\u00e1, pero asegur\u00f3 que la nueva generaci\u00f3n viene empujando fuerte. La meta para los pr\u00f3ximos Juegos Departamentales es recuperar las cuatro medallas de oro proyectadas en la edici\u00f3n pasada.<\/p>\n\n\n\n<p>Ar\u00e9valo tambi\u00e9n extendi\u00f3 una invitaci\u00f3n a los j\u00f3venes interesados en el atletismo, recordando que las escuelas de formaci\u00f3n permiten identificar talentos desde la base y proyectarlos hacia competencias municipales, departamentales y nacionales.<\/p>\n","protected":false},"excerpt":{"rendered":"<p>El atletismo de Tulu\u00e1 contin\u00faa renov\u00e1ndose. En un festival realizado en la ciudad de Cali, tres j\u00f3venes deportistas representaron al municipio y comenzaron a sumar experiencia en pista sint\u00e9tica, una superficie clave para su proyecci\u00f3n competitiva. La atleta Martina, de 8 a\u00f1os, se qued\u00f3 con la medalla de oro en los 600 metros con un [&hellip;]<\/p>\n","protected":false},"author":3,"featured_media":39670,"comment_status":"open","ping_status":"open","sticky":false,"template":"","format":"video","meta":{"footnotes":""},"categories":[1],"tags":[],"class_list":["post-39660","post","type-post","status-publish","format-video","has-post-thumbnail","hentry","category-uncategorized","post_format-post-format-video"],"_links":{"self":[{"href":"https:\/\/cnctulua.tv\/index.php?rest_route=\/wp\/v2\/posts\/39660","targetHints":{"allow":["GET"]}}],"collection":[{"href":"https:\/\/cnctulua.tv\/index.php?rest_route=\/wp\/v2\/posts"}],"about":[{"href":"https:\/\/cnctulua.tv\/index.php?rest_route=\/wp\/v2\/types\/post"}],"author":[{"embeddable":true,"href":"https:\/\/cnctulua.tv\/index.php?rest_route=\/wp\/v2\/users\/3"}],"replies":[{"embeddable":true,"href":"https:\/\/cnctulua.tv\/index.php?rest_route=%2Fwp%2Fv2%2Fcomments&post=39660"}],"version-history":[{"count":1,"href":"https:\/\/cnctulua.tv\/index.php?rest_route=\/wp\/v2\/posts\/39660\/revisions"}],"predecessor-version":[{"id":39672,"href":"https:\/\/cnctulua.tv\/index.php?rest_route=\/wp\/v2\/posts\/39660\/revisions\/39672"}],"wp:featuredmedia":[{"embeddable":true,"href":"https:\/\/cnctulua.tv\/index.php?rest_route=\/wp\/v2\/media\/39670"}],"wp:attachment":[{"href":"https:\/\/cnctulua.tv\/index.php?rest_route=%2Fwp%2Fv2%2Fmedia&parent=39660"}],"wp:term":[{"taxonomy":"category","embeddable":true,"href":"https:\/\/cnctulua.tv\/index.php?rest_route=%2Fwp%2Fv2%2Fcategories&post=39660"},{"taxonomy":"post_tag","embeddable":true,"href":"https:\/\/cnctulua.tv\/index.php?rest_route=%2Fwp%2Fv2%2Ftags&post=39660"}],"curies":[{"name":"wp","href":"https:\/\/api.w.org\/{rel}","templated":true}]}}