{"id":39663,"date":"2025-11-19T18:41:28","date_gmt":"2025-11-19T18:41:28","guid":{"rendered":"https:\/\/cnctulua.tv\/?p=39663"},"modified":"2025-11-19T18:41:28","modified_gmt":"2025-11-19T18:41:28","slug":"andres-felipe-solis-suma-experiencia-en-el-festival-sub-16-de-cali","status":"publish","type":"post","link":"https:\/\/cnctulua.tv\/?p=39663","title":{"rendered":"Andr\u00e9s Felipe Sol\u00eds suma experiencia en el festival Sub-16 de Cali."},"content":{"rendered":"\n<p>El atleta tulue\u00f1o Andr\u00e9s Felipe Sol\u00eds Monta\u00f1o, de 14 a\u00f1os y perteneciente a la categor\u00eda Sub-16, particip\u00f3 en el festival atl\u00e9tico realizado en Cali, donde enfrent\u00f3 su segunda experiencia competitiva en este escenario. Aunque no pudo obtener el primer lugar, el deportista destac\u00f3 la importancia del aprendizaje adquirido.<\/p>\n\n\n\n<figure class=\"wp-block-embed is-type-video is-provider-youtube wp-block-embed-youtube wp-embed-aspect-16-9 wp-has-aspect-ratio\"><div class=\"wp-block-embed__wrapper\">\n<iframe loading=\"lazy\" title=\"\ud83d\udd25\ud83c\udfc3\u200d\u2642\ufe0f El atleta tulue\u00f1o Andr\u00e9s Felipe Sol\u00eds compiti\u00f3 en Cali y sum\u00f3 una valiosa medalla.\" width=\"640\" height=\"360\" src=\"https:\/\/www.youtube.com\/embed\/k8C0BjF0cXE?feature=oembed\" frameborder=\"0\" allow=\"accelerometer; autoplay; clipboard-write; encrypted-media; gyroscope; picture-in-picture; web-share\" referrerpolicy=\"strict-origin-when-cross-origin\" allowfullscreen><\/iframe>\n<\/div><\/figure>\n\n\n\n<p>Sol\u00eds se enfrent\u00f3 a rivales mayores y con diferencias notables en estatura, algo que inicialmente gener\u00f3 presi\u00f3n. Sin embargo, durante el desarrollo de la prueba logr\u00f3 estabilizar su ritmo y comprob\u00f3 que el rendimiento en la pista no depende exclusivamente del aspecto f\u00edsico.<\/p>\n\n\n\n<figure class=\"wp-block-image size-full\"><img loading=\"lazy\" decoding=\"async\" width=\"1002\" height=\"454\" src=\"https:\/\/cnctulua.tv\/wp-content\/uploads\/2025\/11\/SO-LIS.png\" alt=\"\" class=\"wp-image-39678\" srcset=\"https:\/\/cnctulua.tv\/wp-content\/uploads\/2025\/11\/SO-LIS.png 1002w, https:\/\/cnctulua.tv\/wp-content\/uploads\/2025\/11\/SO-LIS-300x136.png 300w, https:\/\/cnctulua.tv\/wp-content\/uploads\/2025\/11\/SO-LIS-768x348.png 768w\" sizes=\"auto, (max-width: 1002px) 100vw, 1002px\" \/><\/figure>\n\n\n\n<p>El joven atleta afirm\u00f3 que esta competencia le dej\u00f3 un recordatorio positivo y una medalla que simboliza su compromiso con el proceso. De cara a lo que resta del a\u00f1o, Sol\u00eds asegur\u00f3 que continuar\u00e1 entrenando intensamente, con la expectativa de participar en alg\u00fan campeonato adicional y buscar su primera medalla de oro.<\/p>\n\n\n\n<p>El corredor resalt\u00f3 que su objetivo a futuro es seguir fortaleciendo su nivel competitivo y representar a Tulu\u00e1 en eventos regionales y departamentales, confiando en que la disciplina y el trabajo constante le permitir\u00e1n mejorar sus resultados.<\/p>\n","protected":false},"excerpt":{"rendered":"<p>El atleta tulue\u00f1o Andr\u00e9s Felipe Sol\u00eds Monta\u00f1o, de 14 a\u00f1os y perteneciente a la categor\u00eda Sub-16, particip\u00f3 en el festival atl\u00e9tico realizado en Cali, donde enfrent\u00f3 su segunda experiencia competitiva en este escenario. Aunque no pudo obtener el primer lugar, el deportista destac\u00f3 la importancia del aprendizaje adquirido. Sol\u00eds se enfrent\u00f3 a rivales mayores y [&hellip;]<\/p>\n","protected":false},"author":3,"featured_media":39677,"comment_status":"open","ping_status":"open","sticky":false,"template":"","format":"video","meta":{"footnotes":""},"categories":[1],"tags":[],"class_list":["post-39663","post","type-post","status-publish","format-video","has-post-thumbnail","hentry","category-uncategorized","post_format-post-format-video"],"_links":{"self":[{"href":"https:\/\/cnctulua.tv\/index.php?rest_route=\/wp\/v2\/posts\/39663","targetHints":{"allow":["GET"]}}],"collection":[{"href":"https:\/\/cnctulua.tv\/index.php?rest_route=\/wp\/v2\/posts"}],"about":[{"href":"https:\/\/cnctulua.tv\/index.php?rest_route=\/wp\/v2\/types\/post"}],"author":[{"embeddable":true,"href":"https:\/\/cnctulua.tv\/index.php?rest_route=\/wp\/v2\/users\/3"}],"replies":[{"embeddable":true,"href":"https:\/\/cnctulua.tv\/index.php?rest_route=%2Fwp%2Fv2%2Fcomments&post=39663"}],"version-history":[{"count":1,"href":"https:\/\/cnctulua.tv\/index.php?rest_route=\/wp\/v2\/posts\/39663\/revisions"}],"predecessor-version":[{"id":39684,"href":"https:\/\/cnctulua.tv\/index.php?rest_route=\/wp\/v2\/posts\/39663\/revisions\/39684"}],"wp:featuredmedia":[{"embeddable":true,"href":"https:\/\/cnctulua.tv\/index.php?rest_route=\/wp\/v2\/media\/39677"}],"wp:attachment":[{"href":"https:\/\/cnctulua.tv\/index.php?rest_route=%2Fwp%2Fv2%2Fmedia&parent=39663"}],"wp:term":[{"taxonomy":"category","embeddable":true,"href":"https:\/\/cnctulua.tv\/index.php?rest_route=%2Fwp%2Fv2%2Fcategories&post=39663"},{"taxonomy":"post_tag","embeddable":true,"href":"https:\/\/cnctulua.tv\/index.php?rest_route=%2Fwp%2Fv2%2Ftags&post=39663"}],"curies":[{"name":"wp","href":"https:\/\/api.w.org\/{rel}","templated":true}]}}