{"id":39664,"date":"2025-11-19T18:01:37","date_gmt":"2025-11-19T18:01:37","guid":{"rendered":"https:\/\/cnctulua.tv\/?p=39664"},"modified":"2025-11-19T18:45:50","modified_gmt":"2025-11-19T18:45:50","slug":"valle-del-cauca-presenta-a-los-66-deportistas-que-integran-la-cohorte-2025-del-programa-talento-y-reserva-deportiva","status":"publish","type":"post","link":"https:\/\/cnctulua.tv\/?p=39664","title":{"rendered":"Valle del Cauca presenta a los 66 deportistas que integran la cohorte 2025 del Programa Talento y Reserva Deportiva."},"content":{"rendered":"\n<p>El deporte vallecaucano contin\u00faa fortaleciendo su proceso formativo con la presentaci\u00f3n oficial de los 66 atletas y para atletas que integran la cohorte 2025 del Programa Talento y Reserva Deportiva del Para\u00edso. La selecci\u00f3n se dio tras un a\u00f1o de trabajo t\u00e9cnico en el que se realizaron 13 campamentos de valoraci\u00f3n, con la participaci\u00f3n de 412 deportistas.<\/p>\n\n\n\n<figure class=\"wp-block-embed is-type-video is-provider-youtube wp-block-embed-youtube wp-embed-aspect-16-9 wp-has-aspect-ratio\"><div class=\"wp-block-embed__wrapper\">\nhttps:\/\/youtu.be\/vWN7BwEnM0U\n<\/div><\/figure>\n\n\n\n<p>Finalmente, 53 atletas convencionales y 13 paral\u00edmpicos fueron escogidos para recibir acompa\u00f1amiento integral, que incluye atenci\u00f3n m\u00e9dica, nutrici\u00f3n, apoyo psicosocial y preparaci\u00f3n t\u00e9cnica, elementos esenciales para el desarrollo del alto rendimiento.<\/p>\n\n\n\n<figure class=\"wp-block-image size-large\"><img loading=\"lazy\" decoding=\"async\" width=\"1024\" height=\"429\" src=\"https:\/\/cnctulua.tv\/wp-content\/uploads\/2025\/11\/RECERVAS-VALLE-1024x429.png\" alt=\"\" class=\"wp-image-39683\" srcset=\"https:\/\/cnctulua.tv\/wp-content\/uploads\/2025\/11\/RECERVAS-VALLE-1024x429.png 1024w, https:\/\/cnctulua.tv\/wp-content\/uploads\/2025\/11\/RECERVAS-VALLE-300x126.png 300w, https:\/\/cnctulua.tv\/wp-content\/uploads\/2025\/11\/RECERVAS-VALLE-768x322.png 768w, https:\/\/cnctulua.tv\/wp-content\/uploads\/2025\/11\/RECERVAS-VALLE.png 1055w\" sizes=\"auto, (max-width: 1024px) 100vw, 1024px\" \/><\/figure>\n\n\n\n<p>Varios deportistas destacaron la importancia del programa. Linda Sof\u00eda Grau Cardona, de Para Nataci\u00f3n, afirm\u00f3 que esta oportunidad permitir\u00e1 prepararse de manera m\u00e1s s\u00f3lida para futuros eventos. El luchador ol\u00edmpico Samuel Mu\u00f1oz resalt\u00f3 que la estructura del programa impulsa el crecimiento deportivo y mejora las condiciones competitivas. La ciclista Laura Sof\u00eda Monta\u00f1o se\u00f1al\u00f3 que el acceso a profesionales como fisioterapeutas y nutricionistas es fundamental para avanzar en su proceso. Por su parte, el atleta Juan Carlos Hern\u00e1ndez Vent\u00e9 subray\u00f3 que los incentivos econ\u00f3micos funcionan como un motor para seguir entrenando y cubrir necesidades t\u00e9cnicas espec\u00edficas.<\/p>\n\n\n\n<p>Con esta nueva generaci\u00f3n, el Valle del Cauca reafirma su compromiso con la excelencia deportiva y con la formaci\u00f3n de j\u00f3venes talentos que buscan destacarse en el \u00e1mbito nacional e internacional.<\/p>\n","protected":false},"excerpt":{"rendered":"<p>El deporte vallecaucano contin\u00faa fortaleciendo su proceso formativo con la presentaci\u00f3n oficial de los 66 atletas y para atletas que integran la cohorte 2025 del Programa Talento y Reserva Deportiva del Para\u00edso. La selecci\u00f3n se dio tras un a\u00f1o de trabajo t\u00e9cnico en el que se realizaron 13 campamentos de valoraci\u00f3n, con la participaci\u00f3n de [&hellip;]<\/p>\n","protected":false},"author":3,"featured_media":39682,"comment_status":"open","ping_status":"open","sticky":false,"template":"","format":"video","meta":{"footnotes":""},"categories":[1],"tags":[],"class_list":["post-39664","post","type-post","status-publish","format-video","has-post-thumbnail","hentry","category-uncategorized","post_format-post-format-video"],"_links":{"self":[{"href":"https:\/\/cnctulua.tv\/index.php?rest_route=\/wp\/v2\/posts\/39664","targetHints":{"allow":["GET"]}}],"collection":[{"href":"https:\/\/cnctulua.tv\/index.php?rest_route=\/wp\/v2\/posts"}],"about":[{"href":"https:\/\/cnctulua.tv\/index.php?rest_route=\/wp\/v2\/types\/post"}],"author":[{"embeddable":true,"href":"https:\/\/cnctulua.tv\/index.php?rest_route=\/wp\/v2\/users\/3"}],"replies":[{"embeddable":true,"href":"https:\/\/cnctulua.tv\/index.php?rest_route=%2Fwp%2Fv2%2Fcomments&post=39664"}],"version-history":[{"count":3,"href":"https:\/\/cnctulua.tv\/index.php?rest_route=\/wp\/v2\/posts\/39664\/revisions"}],"predecessor-version":[{"id":39687,"href":"https:\/\/cnctulua.tv\/index.php?rest_route=\/wp\/v2\/posts\/39664\/revisions\/39687"}],"wp:featuredmedia":[{"embeddable":true,"href":"https:\/\/cnctulua.tv\/index.php?rest_route=\/wp\/v2\/media\/39682"}],"wp:attachment":[{"href":"https:\/\/cnctulua.tv\/index.php?rest_route=%2Fwp%2Fv2%2Fmedia&parent=39664"}],"wp:term":[{"taxonomy":"category","embeddable":true,"href":"https:\/\/cnctulua.tv\/index.php?rest_route=%2Fwp%2Fv2%2Fcategories&post=39664"},{"taxonomy":"post_tag","embeddable":true,"href":"https:\/\/cnctulua.tv\/index.php?rest_route=%2Fwp%2Fv2%2Ftags&post=39664"}],"curies":[{"name":"wp","href":"https:\/\/api.w.org\/{rel}","templated":true}]}}