{"id":39685,"date":"2025-11-19T18:54:26","date_gmt":"2025-11-19T18:54:26","guid":{"rendered":"https:\/\/cnctulua.tv\/?p=39685"},"modified":"2025-11-20T13:15:53","modified_gmt":"2025-11-20T13:15:53","slug":"secuestro-de-dos-ciudadanos-en-la-via-panamericana-moviliza-a-las-autoridades","status":"publish","type":"post","link":"https:\/\/cnctulua.tv\/?p=39685","title":{"rendered":"Secuestro de dos ciudadanos en la v\u00eda Panamericana moviliza a las autoridades."},"content":{"rendered":"\n<p>La noche del domingo se registr\u00f3 un nuevo hecho de orden p\u00fablico en el Cauca. Dos ciudadanos que viajaban en un veh\u00edculo de plataforma desde Popay\u00e1n hacia Cali fueron secuestrados en zona rural de Cajib\u00edo, en un punto cercano al t\u00fanel del municipio.<\/p>\n\n\n\n<figure class=\"wp-block-embed is-type-video is-provider-youtube wp-block-embed-youtube wp-embed-aspect-16-9 wp-has-aspect-ratio\"><div class=\"wp-block-embed__wrapper\">\n<iframe loading=\"lazy\" title=\"\ud83c\udfa5 Secuestro en la v\u00eda Panamericana: autoridades buscan a dos ciudadanos.\" width=\"640\" height=\"360\" src=\"https:\/\/www.youtube.com\/embed\/oD8mHuOWkUU?feature=oembed\" frameborder=\"0\" allow=\"accelerometer; autoplay; clipboard-write; encrypted-media; gyroscope; picture-in-picture; web-share\" referrerpolicy=\"strict-origin-when-cross-origin\" allowfullscreen><\/iframe>\n<\/div><\/figure>\n\n\n\n<p>De acuerdo con el Brigadier General Henry Yesid Bello Cubides, comandante de la Polic\u00eda Metropolitana de Cali, los afectados regresaban de presentaciones art\u00edsticas realizadas en la capital del Cauca y se dirig\u00edan hacia el aeropuerto de Palmira. Durante el desplazamiento, fueron abordados por hombres armados que se movilizaban en dos veh\u00edculos.<\/p>\n\n\n\n<p>Los secuestradores los obligaron a descender del autom\u00f3vil y los trasladaron hacia la parte norte de Cajib\u00edo. Hasta el momento no se han reportado exigencias econ\u00f3micas ni comunicados de los grupos responsables.<\/p>\n\n\n\n<p>Las autoridades investigan la posible participaci\u00f3n del Frente Jaime Mart\u00ednez, estructura que opera en esta zona del departamento. Unidades del GAULA avanzan en la b\u00fasqueda mediante georreferenciaci\u00f3n y an\u00e1lisis t\u00e9cnico de la zona.<\/p>\n\n\n\n<p>La Polic\u00eda inform\u00f3 adem\u00e1s que contin\u00faa realizando intervenciones focalizadas en la v\u00eda Panamericana, donde recientemente incaut\u00f3 m\u00e1s de siete toneladas de sustancias il\u00edcitas y captur\u00f3 a tres presuntos integrantes del Frente Urbano Manuel Cepeda Vargas.<\/p>\n","protected":false},"excerpt":{"rendered":"<p>La noche del domingo se registr\u00f3 un nuevo hecho de orden p\u00fablico en el Cauca. Dos ciudadanos que viajaban en un veh\u00edculo de plataforma desde Popay\u00e1n hacia Cali fueron secuestrados en zona rural de Cajib\u00edo, en un punto cercano al t\u00fanel del municipio. De acuerdo con el Brigadier General Henry Yesid Bello Cubides, comandante de [&hellip;]<\/p>\n","protected":false},"author":3,"featured_media":39686,"comment_status":"open","ping_status":"open","sticky":false,"template":"","format":"video","meta":{"footnotes":""},"categories":[1],"tags":[],"class_list":["post-39685","post","type-post","status-publish","format-video","has-post-thumbnail","hentry","category-uncategorized","post_format-post-format-video"],"_links":{"self":[{"href":"https:\/\/cnctulua.tv\/index.php?rest_route=\/wp\/v2\/posts\/39685","targetHints":{"allow":["GET"]}}],"collection":[{"href":"https:\/\/cnctulua.tv\/index.php?rest_route=\/wp\/v2\/posts"}],"about":[{"href":"https:\/\/cnctulua.tv\/index.php?rest_route=\/wp\/v2\/types\/post"}],"author":[{"embeddable":true,"href":"https:\/\/cnctulua.tv\/index.php?rest_route=\/wp\/v2\/users\/3"}],"replies":[{"embeddable":true,"href":"https:\/\/cnctulua.tv\/index.php?rest_route=%2Fwp%2Fv2%2Fcomments&post=39685"}],"version-history":[{"count":3,"href":"https:\/\/cnctulua.tv\/index.php?rest_route=\/wp\/v2\/posts\/39685\/revisions"}],"predecessor-version":[{"id":39700,"href":"https:\/\/cnctulua.tv\/index.php?rest_route=\/wp\/v2\/posts\/39685\/revisions\/39700"}],"wp:featuredmedia":[{"embeddable":true,"href":"https:\/\/cnctulua.tv\/index.php?rest_route=\/wp\/v2\/media\/39686"}],"wp:attachment":[{"href":"https:\/\/cnctulua.tv\/index.php?rest_route=%2Fwp%2Fv2%2Fmedia&parent=39685"}],"wp:term":[{"taxonomy":"category","embeddable":true,"href":"https:\/\/cnctulua.tv\/index.php?rest_route=%2Fwp%2Fv2%2Fcategories&post=39685"},{"taxonomy":"post_tag","embeddable":true,"href":"https:\/\/cnctulua.tv\/index.php?rest_route=%2Fwp%2Fv2%2Ftags&post=39685"}],"curies":[{"name":"wp","href":"https:\/\/api.w.org\/{rel}","templated":true}]}}