{"id":39688,"date":"2025-11-19T18:54:31","date_gmt":"2025-11-19T18:54:31","guid":{"rendered":"https:\/\/cnctulua.tv\/?p=39688"},"modified":"2025-11-20T13:14:10","modified_gmt":"2025-11-20T13:14:10","slug":"valle-del-cauca-firma-el-gran-acuerdo-por-la-educacion-con-metas-al-2030","status":"publish","type":"post","link":"https:\/\/cnctulua.tv\/?p=39688","title":{"rendered":"Valle del Cauca firma el Gran Acuerdo por la Educaci\u00f3n con metas al 2030."},"content":{"rendered":"\n<p>El departamento del Valle del Cauca oficializ\u00f3 la firma del Gran Acuerdo por la Educaci\u00f3n, una iniciativa que articula al sector p\u00fablico, privado, acad\u00e9mico y social para consolidar una agenda educativa conjunta hacia el a\u00f1o 2030. El objetivo es avanzar simult\u00e1neamente en la calidad, la cobertura y la pertinencia de los procesos formativos.<\/p>\n\n\n\n<figure class=\"wp-block-embed is-type-video is-provider-youtube wp-block-embed-youtube wp-embed-aspect-16-9 wp-has-aspect-ratio\"><div class=\"wp-block-embed__wrapper\">\n<iframe loading=\"lazy\" title=\"\ud83d\udcd8 Valle del Cauca firma el Gran Acuerdo por la Educaci\u00f3n.\" width=\"640\" height=\"360\" src=\"https:\/\/www.youtube.com\/embed\/nApMfpT5BZk?feature=oembed\" frameborder=\"0\" allow=\"accelerometer; autoplay; clipboard-write; encrypted-media; gyroscope; picture-in-picture; web-share\" referrerpolicy=\"strict-origin-when-cross-origin\" allowfullscreen><\/iframe>\n<\/div><\/figure>\n\n\n\n<p>El pacto contempla cinco l\u00edneas estrat\u00e9gicas: educaci\u00f3n inicial, fortalecimiento de competencias en lectura, escritura y matem\u00e1ticas, cualificaci\u00f3n docente, desarrollo de habilidades socioemocionales y articulaci\u00f3n entre el sector productivo y la educaci\u00f3n terciaria.<\/p>\n\n\n\n<p>De acuerdo con las autoridades y entidades participantes, el acuerdo permitir\u00e1 orientar recursos y esfuerzos hacia acciones basadas en evidencia que contribuyan al mejoramiento de los aprendizajes y a la reducci\u00f3n de brechas educativas.<\/p>\n\n\n\n<p>Entre los compromisos destacan la ampliaci\u00f3n de cobertura en educaci\u00f3n inicial, la consolidaci\u00f3n de indicadores acad\u00e9micos, la formaci\u00f3n continua de docentes de municipios no certificados y el fortalecimiento de programas que impulsen trayectorias educativas estables.<\/p>\n\n\n\n<p>El Gran Acuerdo busca posicionar al Valle del Cauca como uno de los departamentos con mejores resultados educativos del pa\u00eds para 2030.<\/p>\n","protected":false},"excerpt":{"rendered":"<p>El departamento del Valle del Cauca oficializ\u00f3 la firma del Gran Acuerdo por la Educaci\u00f3n, una iniciativa que articula al sector p\u00fablico, privado, acad\u00e9mico y social para consolidar una agenda educativa conjunta hacia el a\u00f1o 2030. El objetivo es avanzar simult\u00e1neamente en la calidad, la cobertura y la pertinencia de los procesos formativos. El pacto [&hellip;]<\/p>\n","protected":false},"author":3,"featured_media":39689,"comment_status":"open","ping_status":"open","sticky":false,"template":"","format":"video","meta":{"footnotes":""},"categories":[10,1515],"tags":[],"class_list":["post-39688","post","type-post","status-publish","format-video","has-post-thumbnail","hentry","category-cnc-noticias-tulua","category-cnc-tulua","post_format-post-format-video"],"_links":{"self":[{"href":"https:\/\/cnctulua.tv\/index.php?rest_route=\/wp\/v2\/posts\/39688","targetHints":{"allow":["GET"]}}],"collection":[{"href":"https:\/\/cnctulua.tv\/index.php?rest_route=\/wp\/v2\/posts"}],"about":[{"href":"https:\/\/cnctulua.tv\/index.php?rest_route=\/wp\/v2\/types\/post"}],"author":[{"embeddable":true,"href":"https:\/\/cnctulua.tv\/index.php?rest_route=\/wp\/v2\/users\/3"}],"replies":[{"embeddable":true,"href":"https:\/\/cnctulua.tv\/index.php?rest_route=%2Fwp%2Fv2%2Fcomments&post=39688"}],"version-history":[{"count":6,"href":"https:\/\/cnctulua.tv\/index.php?rest_route=\/wp\/v2\/posts\/39688\/revisions"}],"predecessor-version":[{"id":39698,"href":"https:\/\/cnctulua.tv\/index.php?rest_route=\/wp\/v2\/posts\/39688\/revisions\/39698"}],"wp:featuredmedia":[{"embeddable":true,"href":"https:\/\/cnctulua.tv\/index.php?rest_route=\/wp\/v2\/media\/39689"}],"wp:attachment":[{"href":"https:\/\/cnctulua.tv\/index.php?rest_route=%2Fwp%2Fv2%2Fmedia&parent=39688"}],"wp:term":[{"taxonomy":"category","embeddable":true,"href":"https:\/\/cnctulua.tv\/index.php?rest_route=%2Fwp%2Fv2%2Fcategories&post=39688"},{"taxonomy":"post_tag","embeddable":true,"href":"https:\/\/cnctulua.tv\/index.php?rest_route=%2Fwp%2Fv2%2Ftags&post=39688"}],"curies":[{"name":"wp","href":"https:\/\/api.w.org\/{rel}","templated":true}]}}