{"id":39736,"date":"2025-11-20T18:04:37","date_gmt":"2025-11-20T18:04:37","guid":{"rendered":"https:\/\/cnctulua.tv\/?p=39736"},"modified":"2025-11-20T18:04:37","modified_gmt":"2025-11-20T18:04:37","slug":"valle-del-cauca-abre-matriculas-2026-para-todos-los-estudiantes","status":"publish","type":"post","link":"https:\/\/cnctulua.tv\/?p=39736","title":{"rendered":"Valle del Cauca abre matr\u00edculas 2026 para todos los estudiantes."},"content":{"rendered":"\n<p>El pr\u00f3ximo 1 de diciembre se abrir\u00e1n las matr\u00edculas para el a\u00f1o lectivo 2026 en las instituciones educativas p\u00fablicas de los 34 municipios no certificados del Valle del Cauca, garantizando el acceso a la educaci\u00f3n de todos los ni\u00f1os, ni\u00f1as y adolescentes.<\/p>\n\n\n\n<figure class=\"wp-block-embed is-type-video is-provider-youtube wp-block-embed-youtube wp-embed-aspect-16-9 wp-has-aspect-ratio\"><div class=\"wp-block-embed__wrapper\">\n<iframe loading=\"lazy\" title=\"Valle del Cauca abre matr\u00edculas 2026 para todos. \ud83c\udf93\ud83d\udcda\" width=\"640\" height=\"360\" src=\"https:\/\/www.youtube.com\/embed\/aVUrUVK0lxI?feature=oembed\" frameborder=\"0\" allow=\"accelerometer; autoplay; clipboard-write; encrypted-media; gyroscope; picture-in-picture; web-share\" referrerpolicy=\"strict-origin-when-cross-origin\" allowfullscreen><\/iframe>\n<\/div><\/figure>\n\n\n\n<p>Ofelia Dorado, secretaria de Educaci\u00f3n del departamento, inform\u00f3 que las 148 instituciones educativas estar\u00e1n abiertas para recibir estudiantes nuevos y antiguos, asegurando cupos disponibles para todos.<\/p>\n\n\n\n<p>Los estudiantes contar\u00e1n con programas educativos como Aulas STEAM, proyectos pedag\u00f3gicos productivos, programas de biling\u00fcismo y el Programa de Alimentaci\u00f3n Escolar (PAE), con el objetivo de fortalecer la formaci\u00f3n acad\u00e9mica y social.<\/p>\n\n\n\n<p>\u201cEs por eso que tenemos los cupos para todos los ni\u00f1os, ni\u00f1as y adolescentes en esta matr\u00edcula 2026. Les reiteramos que se acerquen a la sede m\u00e1s cercana para matricular a sus hijos\u201d, enfatiz\u00f3 la secretaria Dorado.<\/p>\n","protected":false},"excerpt":{"rendered":"<p>El pr\u00f3ximo 1 de diciembre se abrir\u00e1n las matr\u00edculas para el a\u00f1o lectivo 2026 en las instituciones educativas p\u00fablicas de los 34 municipios no certificados del Valle del Cauca, garantizando el acceso a la educaci\u00f3n de todos los ni\u00f1os, ni\u00f1as y adolescentes. Ofelia Dorado, secretaria de Educaci\u00f3n del departamento, inform\u00f3 que las 148 instituciones educativas [&hellip;]<\/p>\n","protected":false},"author":3,"featured_media":39761,"comment_status":"open","ping_status":"open","sticky":false,"template":"","format":"video","meta":{"footnotes":""},"categories":[1],"tags":[],"class_list":["post-39736","post","type-post","status-publish","format-video","has-post-thumbnail","hentry","category-uncategorized","post_format-post-format-video"],"_links":{"self":[{"href":"https:\/\/cnctulua.tv\/index.php?rest_route=\/wp\/v2\/posts\/39736","targetHints":{"allow":["GET"]}}],"collection":[{"href":"https:\/\/cnctulua.tv\/index.php?rest_route=\/wp\/v2\/posts"}],"about":[{"href":"https:\/\/cnctulua.tv\/index.php?rest_route=\/wp\/v2\/types\/post"}],"author":[{"embeddable":true,"href":"https:\/\/cnctulua.tv\/index.php?rest_route=\/wp\/v2\/users\/3"}],"replies":[{"embeddable":true,"href":"https:\/\/cnctulua.tv\/index.php?rest_route=%2Fwp%2Fv2%2Fcomments&post=39736"}],"version-history":[{"count":1,"href":"https:\/\/cnctulua.tv\/index.php?rest_route=\/wp\/v2\/posts\/39736\/revisions"}],"predecessor-version":[{"id":39762,"href":"https:\/\/cnctulua.tv\/index.php?rest_route=\/wp\/v2\/posts\/39736\/revisions\/39762"}],"wp:featuredmedia":[{"embeddable":true,"href":"https:\/\/cnctulua.tv\/index.php?rest_route=\/wp\/v2\/media\/39761"}],"wp:attachment":[{"href":"https:\/\/cnctulua.tv\/index.php?rest_route=%2Fwp%2Fv2%2Fmedia&parent=39736"}],"wp:term":[{"taxonomy":"category","embeddable":true,"href":"https:\/\/cnctulua.tv\/index.php?rest_route=%2Fwp%2Fv2%2Fcategories&post=39736"},{"taxonomy":"post_tag","embeddable":true,"href":"https:\/\/cnctulua.tv\/index.php?rest_route=%2Fwp%2Fv2%2Ftags&post=39736"}],"curies":[{"name":"wp","href":"https:\/\/api.w.org\/{rel}","templated":true}]}}