{"id":39739,"date":"2025-11-20T18:15:36","date_gmt":"2025-11-20T18:15:36","guid":{"rendered":"https:\/\/cnctulua.tv\/?p=39739"},"modified":"2025-11-20T18:15:36","modified_gmt":"2025-11-20T18:15:36","slug":"comunidades-del-valle-del-cauca-piden-concertacion-en-procesos-de-entrega-de-tierras","status":"publish","type":"post","link":"https:\/\/cnctulua.tv\/?p=39739","title":{"rendered":"Comunidades del Valle del Cauca piden concertaci\u00f3n en procesos de entrega de tierras."},"content":{"rendered":"\n<p>Comunidades campesinas, afrodescendientes e ind\u00edgenas del Valle del Cauca, con acompa\u00f1amiento de la Gobernaci\u00f3n departamental, enviaron una carta al presidente Gustavo Petro solicitando el cumplimiento y revisi\u00f3n de los procesos de entrega de tierras incluidos en la Reforma Agraria.<\/p>\n\n\n\n<figure class=\"wp-block-embed is-type-video is-provider-youtube wp-block-embed-youtube wp-embed-aspect-16-9 wp-has-aspect-ratio\"><div class=\"wp-block-embed__wrapper\">\nhttps:\/\/youtu.be\/n-z_3hmGzHI\n<\/div><\/figure>\n\n\n\n<p>En la comunicaci\u00f3n, las comunidades piden la instalaci\u00f3n de una mesa de concertaci\u00f3n con el Gobierno Nacional, argumentando que los procedimientos actuales han generado conflictos territoriales debido a la ausencia de di\u00e1logo previo.<\/p>\n\n\n\n<p>Durante una reuni\u00f3n con delegados de Bugalagrande, Tulu\u00e1, La Paila, Zarzal, El Cerrito, Ginebra, Dagua, Buenaventura y otros municipios, la gobernadora Dilian Francisca Toro se\u00f1al\u00f3 que se requiere garantizar que la poblaci\u00f3n del Valle sea tenida en cuenta en los procesos de adjudicaci\u00f3n. Indic\u00f3 adem\u00e1s que el Gobierno departamental est\u00e1 dispuesto a participar en espacios de trabajo con la Agencia Nacional de Tierras y la SAE.<\/p>\n\n\n\n<p>La secretaria de Paz del Valle, Mar\u00eda Camila Mantilla, explic\u00f3 que se busca establecer mecanismos articulados entre instituciones nacionales, departamentales y locales para atender las solicitudes presentadas por las comunidades.<\/p>\n\n\n\n<p>Representantes campesinos y afrodescendientes manifestaron que esperan mayor claridad y equidad en los procedimientos y coincidieron en la necesidad de desarrollar mesas de concertaci\u00f3n que permitan acordar soluciones con todas las partes involucradas.<\/p>\n","protected":false},"excerpt":{"rendered":"<p>Comunidades campesinas, afrodescendientes e ind\u00edgenas del Valle del Cauca, con acompa\u00f1amiento de la Gobernaci\u00f3n departamental, enviaron una carta al presidente Gustavo Petro solicitando el cumplimiento y revisi\u00f3n de los procesos de entrega de tierras incluidos en la Reforma Agraria. En la comunicaci\u00f3n, las comunidades piden la instalaci\u00f3n de una mesa de concertaci\u00f3n con el Gobierno [&hellip;]<\/p>\n","protected":false},"author":3,"featured_media":0,"comment_status":"open","ping_status":"open","sticky":false,"template":"","format":"video","meta":{"footnotes":""},"categories":[10,1515],"tags":[],"class_list":["post-39739","post","type-post","status-publish","format-video","hentry","category-cnc-noticias-tulua","category-cnc-tulua","post_format-post-format-video"],"_links":{"self":[{"href":"https:\/\/cnctulua.tv\/index.php?rest_route=\/wp\/v2\/posts\/39739","targetHints":{"allow":["GET"]}}],"collection":[{"href":"https:\/\/cnctulua.tv\/index.php?rest_route=\/wp\/v2\/posts"}],"about":[{"href":"https:\/\/cnctulua.tv\/index.php?rest_route=\/wp\/v2\/types\/post"}],"author":[{"embeddable":true,"href":"https:\/\/cnctulua.tv\/index.php?rest_route=\/wp\/v2\/users\/3"}],"replies":[{"embeddable":true,"href":"https:\/\/cnctulua.tv\/index.php?rest_route=%2Fwp%2Fv2%2Fcomments&post=39739"}],"version-history":[{"count":1,"href":"https:\/\/cnctulua.tv\/index.php?rest_route=\/wp\/v2\/posts\/39739\/revisions"}],"predecessor-version":[{"id":39767,"href":"https:\/\/cnctulua.tv\/index.php?rest_route=\/wp\/v2\/posts\/39739\/revisions\/39767"}],"wp:attachment":[{"href":"https:\/\/cnctulua.tv\/index.php?rest_route=%2Fwp%2Fv2%2Fmedia&parent=39739"}],"wp:term":[{"taxonomy":"category","embeddable":true,"href":"https:\/\/cnctulua.tv\/index.php?rest_route=%2Fwp%2Fv2%2Fcategories&post=39739"},{"taxonomy":"post_tag","embeddable":true,"href":"https:\/\/cnctulua.tv\/index.php?rest_route=%2Fwp%2Fv2%2Ftags&post=39739"}],"curies":[{"name":"wp","href":"https:\/\/api.w.org\/{rel}","templated":true}]}}