{"id":39749,"date":"2025-11-20T18:31:55","date_gmt":"2025-11-20T18:31:55","guid":{"rendered":"https:\/\/cnctulua.tv\/?p=39749"},"modified":"2025-11-20T18:31:55","modified_gmt":"2025-11-20T18:31:55","slug":"campana-del-valle-invita-a-evitar-el-uso-de-polvora","status":"publish","type":"post","link":"https:\/\/cnctulua.tv\/?p=39749","title":{"rendered":"Campa\u00f1a del Valle invita a evitar el uso de p\u00f3lvora."},"content":{"rendered":"\n<p>La Gobernaci\u00f3n del Valle del Cauca puso en marcha una campa\u00f1a de sensibilizaci\u00f3n que busca prevenir incidentes relacionados con el uso de p\u00f3lvora durante las celebraciones de fin de a\u00f1o. La iniciativa invita a la ciudadan\u00eda a reflexionar antes de manipular artefactos explosivos y a priorizar la seguridad en espacios familiares y comunitarios.<\/p>\n\n\n\n<figure class=\"wp-block-embed is-type-video is-provider-youtube wp-block-embed-youtube wp-embed-aspect-16-9 wp-has-aspect-ratio\"><div class=\"wp-block-embed__wrapper\">\nhttps:\/\/youtu.be\/NtOhm_oWum0\n<\/div><\/figure>\n\n\n\n<p>La secretaria de Salud del Valle, Mar\u00eda Cristina Lesmes, destac\u00f3 que el trabajo articulado con alcaldes del departamento busca reducir los riesgos asociados al uso de p\u00f3lvora. Record\u00f3 que los ruidos fuertes pueden afectar significativamente a personas con discapacidad, ni\u00f1os y mascotas, generando crisis sensoriales o episodios de estr\u00e9s.<\/p>\n\n\n\n<p>Como parte de la estrategia, la Gobernaci\u00f3n, junto al Canal Regional Telepac\u00edfico, produjo un video elaborado con inteligencia artificial. La pieza audiovisual recrea una situaci\u00f3n cotidiana en un barrio durante las fiestas, en la que un descuido provoca una emergencia. La gerente del canal, Luz Adriana Latorre, se\u00f1al\u00f3 que el objetivo es crear conciencia sobre la importancia de evitar la p\u00f3lvora y proteger la vida.<\/p>\n\n\n\n<p>La campa\u00f1a ser\u00e1 divulgada en redes sociales y medios institucionales, invitando a las familias vallecaucanas a disfrutar de las festividades de manera segura, responsable y sin riesgos.<\/p>\n","protected":false},"excerpt":{"rendered":"<p>La Gobernaci\u00f3n del Valle del Cauca puso en marcha una campa\u00f1a de sensibilizaci\u00f3n que busca prevenir incidentes relacionados con el uso de p\u00f3lvora durante las celebraciones de fin de a\u00f1o. La iniciativa invita a la ciudadan\u00eda a reflexionar antes de manipular artefactos explosivos y a priorizar la seguridad en espacios familiares y comunitarios. La secretaria [&hellip;]<\/p>\n","protected":false},"author":3,"featured_media":39756,"comment_status":"open","ping_status":"open","sticky":false,"template":"","format":"video","meta":{"footnotes":""},"categories":[1],"tags":[],"class_list":["post-39749","post","type-post","status-publish","format-video","has-post-thumbnail","hentry","category-uncategorized","post_format-post-format-video"],"_links":{"self":[{"href":"https:\/\/cnctulua.tv\/index.php?rest_route=\/wp\/v2\/posts\/39749","targetHints":{"allow":["GET"]}}],"collection":[{"href":"https:\/\/cnctulua.tv\/index.php?rest_route=\/wp\/v2\/posts"}],"about":[{"href":"https:\/\/cnctulua.tv\/index.php?rest_route=\/wp\/v2\/types\/post"}],"author":[{"embeddable":true,"href":"https:\/\/cnctulua.tv\/index.php?rest_route=\/wp\/v2\/users\/3"}],"replies":[{"embeddable":true,"href":"https:\/\/cnctulua.tv\/index.php?rest_route=%2Fwp%2Fv2%2Fcomments&post=39749"}],"version-history":[{"count":1,"href":"https:\/\/cnctulua.tv\/index.php?rest_route=\/wp\/v2\/posts\/39749\/revisions"}],"predecessor-version":[{"id":39773,"href":"https:\/\/cnctulua.tv\/index.php?rest_route=\/wp\/v2\/posts\/39749\/revisions\/39773"}],"wp:featuredmedia":[{"embeddable":true,"href":"https:\/\/cnctulua.tv\/index.php?rest_route=\/wp\/v2\/media\/39756"}],"wp:attachment":[{"href":"https:\/\/cnctulua.tv\/index.php?rest_route=%2Fwp%2Fv2%2Fmedia&parent=39749"}],"wp:term":[{"taxonomy":"category","embeddable":true,"href":"https:\/\/cnctulua.tv\/index.php?rest_route=%2Fwp%2Fv2%2Fcategories&post=39749"},{"taxonomy":"post_tag","embeddable":true,"href":"https:\/\/cnctulua.tv\/index.php?rest_route=%2Fwp%2Fv2%2Ftags&post=39749"}],"curies":[{"name":"wp","href":"https:\/\/api.w.org\/{rel}","templated":true}]}}