{"id":39770,"date":"2025-11-21T13:47:22","date_gmt":"2025-11-21T13:47:22","guid":{"rendered":"https:\/\/cnctulua.tv\/?p=39770"},"modified":"2025-11-21T13:47:22","modified_gmt":"2025-11-21T13:47:22","slug":"gobierno-nacional-impulsa-la-educacion-superior-con-la-entrega-del-multicampus-ttu-ladera-en-cali","status":"publish","type":"post","link":"https:\/\/cnctulua.tv\/?p=39770","title":{"rendered":"Gobierno Nacional impulsa la educaci\u00f3n superior con la entrega del Multicampus TTU Ladera en Cali."},"content":{"rendered":"\n<p>El Gobierno nacional realizar\u00e1 este viernes 21 de noviembre la entrega del Multicampus TTU Ladera, una nueva sede educativa que agrupa oferta acad\u00e9mica de varias Instituciones de Educaci\u00f3n Superior p\u00fablicas.<\/p>\n\n\n\n<figure class=\"wp-block-embed is-type-video is-provider-youtube wp-block-embed-youtube wp-embed-aspect-16-9 wp-has-aspect-ratio\"><div class=\"wp-block-embed__wrapper\">\nhttps:\/\/youtu.be\/KQOTACf_8nI\n<\/div><\/figure>\n\n\n\n<p>El espacio, ubicado en el barrio Santa Isabel de Cali, integra el modelo multicampus, que permite la operaci\u00f3n conjunta de programas t\u00e9cnicos, tecnol\u00f3gicos y universitarios en un mismo lugar. En esta sede participar\u00e1n la UCEVA, INTEP, UTEDE, la Instituci\u00f3n Universitaria Antonio Jos\u00e9 Camacho, la Escuela Nacional del Deporte, Bellas Artes y la Instituci\u00f3n Universitaria de las Culturas y las Artes Populares.<\/p>\n\n\n\n<figure class=\"wp-block-image size-large\"><img loading=\"lazy\" decoding=\"async\" width=\"1024\" height=\"439\" src=\"https:\/\/cnctulua.tv\/wp-content\/uploads\/2025\/11\/multicampo-1024x439.png\" alt=\"\" class=\"wp-image-39775\" srcset=\"https:\/\/cnctulua.tv\/wp-content\/uploads\/2025\/11\/multicampo-1024x439.png 1024w, https:\/\/cnctulua.tv\/wp-content\/uploads\/2025\/11\/multicampo-300x129.png 300w, https:\/\/cnctulua.tv\/wp-content\/uploads\/2025\/11\/multicampo-768x329.png 768w, https:\/\/cnctulua.tv\/wp-content\/uploads\/2025\/11\/multicampo.png 1050w\" sizes=\"auto, (max-width: 1024px) 100vw, 1024px\" \/><\/figure>\n\n\n\n<p>En total se ofertar\u00e1n 45 programas, y se estima que el multicampus podr\u00e1 atender a cerca de 9.000 estudiantes por a\u00f1o una vez est\u00e9 en plena operaci\u00f3n. La inversi\u00f3n incluy\u00f3 la compra del predio, dotaci\u00f3n y adecuaci\u00f3n del consultorio jur\u00eddico.<\/p>\n\n\n\n<p>La sede beneficiar\u00e1 especialmente a j\u00f3venes de las comunas 1, 18 y 20, sectores que durante las movilizaciones de 2021 solicitaron acceso a educaci\u00f3n superior dentro de sus territorios.<\/p>\n\n\n\n<p>La entrega oficial se realizar\u00e1 a las 3:00 p. m. en la Carrera 37A #3-29 y ser\u00e1 el punto de partida para la implementaci\u00f3n de la oferta acad\u00e9mica en esta zona de la ciudad.<\/p>\n","protected":false},"excerpt":{"rendered":"<p>El Gobierno nacional realizar\u00e1 este viernes 21 de noviembre la entrega del Multicampus TTU Ladera, una nueva sede educativa que agrupa oferta acad\u00e9mica de varias Instituciones de Educaci\u00f3n Superior p\u00fablicas. El espacio, ubicado en el barrio Santa Isabel de Cali, integra el modelo multicampus, que permite la operaci\u00f3n conjunta de programas t\u00e9cnicos, tecnol\u00f3gicos y universitarios [&hellip;]<\/p>\n","protected":false},"author":3,"featured_media":39771,"comment_status":"open","ping_status":"open","sticky":false,"template":"","format":"video","meta":{"footnotes":""},"categories":[1],"tags":[],"class_list":["post-39770","post","type-post","status-publish","format-video","has-post-thumbnail","hentry","category-uncategorized","post_format-post-format-video"],"_links":{"self":[{"href":"https:\/\/cnctulua.tv\/index.php?rest_route=\/wp\/v2\/posts\/39770","targetHints":{"allow":["GET"]}}],"collection":[{"href":"https:\/\/cnctulua.tv\/index.php?rest_route=\/wp\/v2\/posts"}],"about":[{"href":"https:\/\/cnctulua.tv\/index.php?rest_route=\/wp\/v2\/types\/post"}],"author":[{"embeddable":true,"href":"https:\/\/cnctulua.tv\/index.php?rest_route=\/wp\/v2\/users\/3"}],"replies":[{"embeddable":true,"href":"https:\/\/cnctulua.tv\/index.php?rest_route=%2Fwp%2Fv2%2Fcomments&post=39770"}],"version-history":[{"count":1,"href":"https:\/\/cnctulua.tv\/index.php?rest_route=\/wp\/v2\/posts\/39770\/revisions"}],"predecessor-version":[{"id":39776,"href":"https:\/\/cnctulua.tv\/index.php?rest_route=\/wp\/v2\/posts\/39770\/revisions\/39776"}],"wp:featuredmedia":[{"embeddable":true,"href":"https:\/\/cnctulua.tv\/index.php?rest_route=\/wp\/v2\/media\/39771"}],"wp:attachment":[{"href":"https:\/\/cnctulua.tv\/index.php?rest_route=%2Fwp%2Fv2%2Fmedia&parent=39770"}],"wp:term":[{"taxonomy":"category","embeddable":true,"href":"https:\/\/cnctulua.tv\/index.php?rest_route=%2Fwp%2Fv2%2Fcategories&post=39770"},{"taxonomy":"post_tag","embeddable":true,"href":"https:\/\/cnctulua.tv\/index.php?rest_route=%2Fwp%2Fv2%2Ftags&post=39770"}],"curies":[{"name":"wp","href":"https:\/\/api.w.org\/{rel}","templated":true}]}}