{"id":39805,"date":"2025-11-21T17:06:57","date_gmt":"2025-11-21T17:06:57","guid":{"rendered":"https:\/\/cnctulua.tv\/?p=39805"},"modified":"2025-11-21T17:06:57","modified_gmt":"2025-11-21T17:06:57","slug":"mujeres-del-valle-respaldan-liderazgo-femenino","status":"publish","type":"post","link":"https:\/\/cnctulua.tv\/?p=39805","title":{"rendered":"Mujeres del Valle respaldan liderazgo femenino."},"content":{"rendered":"\n<p>En el Valle del Cauca, mujeres v\u00edctimas de violencia se sumaron a la campa\u00f1a \u2018No m\u00e1s Misoginia\u2019, enviando un mensaje de rechazo a la violencia de g\u00e9nero y a los ataques pol\u00edticos hacia la gobernadora Dilian Francisca Toro.<\/p>\n\n\n\n<figure class=\"wp-block-embed is-type-video is-provider-youtube wp-block-embed-youtube wp-embed-aspect-16-9 wp-has-aspect-ratio\"><div class=\"wp-block-embed__wrapper\">\n<iframe loading=\"lazy\" title=\"Mujeres del Valle dicen \u201cNo m\u00e1s Misoginia\u201d. \u270a\" width=\"640\" height=\"360\" src=\"https:\/\/www.youtube.com\/embed\/J2ESOu253Vs?feature=oembed\" frameborder=\"0\" allow=\"accelerometer; autoplay; clipboard-write; encrypted-media; gyroscope; picture-in-picture; web-share\" referrerpolicy=\"strict-origin-when-cross-origin\" allowfullscreen><\/iframe>\n<\/div><\/figure>\n\n\n\n<p>Con pancartas y consignas, expresaron que el liderazgo femenino debe ser protegido y respetado. Obdulia Valencia Riascos afirm\u00f3 que \u201cno podemos seguir qued\u00e1ndonos callados frente a la violencia de g\u00e9nero que se est\u00e1 dando en el Valle del Cauca\u201d.<\/p>\n\n\n\n<p>Marisela Valencia agreg\u00f3 que \u201cel Valle del Cauca no se deja, tocan a una y nos tocan a todas\u201d, mientras l\u00edderes sociales reiteraron que cualquier agresi\u00f3n disfrazada de cr\u00edtica pol\u00edtica es inaceptable. La jornada evidenci\u00f3 la importancia de garantizar espacios seguros para las mujeres en todos los niveles de liderazgo y participaci\u00f3n.<\/p>\n","protected":false},"excerpt":{"rendered":"<p>En el Valle del Cauca, mujeres v\u00edctimas de violencia se sumaron a la campa\u00f1a \u2018No m\u00e1s Misoginia\u2019, enviando un mensaje de rechazo a la violencia de g\u00e9nero y a los ataques pol\u00edticos hacia la gobernadora Dilian Francisca Toro. Con pancartas y consignas, expresaron que el liderazgo femenino debe ser protegido y respetado. Obdulia Valencia Riascos [&hellip;]<\/p>\n","protected":false},"author":3,"featured_media":39812,"comment_status":"open","ping_status":"open","sticky":false,"template":"","format":"video","meta":{"footnotes":""},"categories":[10,1515],"tags":[],"class_list":["post-39805","post","type-post","status-publish","format-video","has-post-thumbnail","hentry","category-cnc-noticias-tulua","category-cnc-tulua","post_format-post-format-video"],"_links":{"self":[{"href":"https:\/\/cnctulua.tv\/index.php?rest_route=\/wp\/v2\/posts\/39805","targetHints":{"allow":["GET"]}}],"collection":[{"href":"https:\/\/cnctulua.tv\/index.php?rest_route=\/wp\/v2\/posts"}],"about":[{"href":"https:\/\/cnctulua.tv\/index.php?rest_route=\/wp\/v2\/types\/post"}],"author":[{"embeddable":true,"href":"https:\/\/cnctulua.tv\/index.php?rest_route=\/wp\/v2\/users\/3"}],"replies":[{"embeddable":true,"href":"https:\/\/cnctulua.tv\/index.php?rest_route=%2Fwp%2Fv2%2Fcomments&post=39805"}],"version-history":[{"count":1,"href":"https:\/\/cnctulua.tv\/index.php?rest_route=\/wp\/v2\/posts\/39805\/revisions"}],"predecessor-version":[{"id":39816,"href":"https:\/\/cnctulua.tv\/index.php?rest_route=\/wp\/v2\/posts\/39805\/revisions\/39816"}],"wp:featuredmedia":[{"embeddable":true,"href":"https:\/\/cnctulua.tv\/index.php?rest_route=\/wp\/v2\/media\/39812"}],"wp:attachment":[{"href":"https:\/\/cnctulua.tv\/index.php?rest_route=%2Fwp%2Fv2%2Fmedia&parent=39805"}],"wp:term":[{"taxonomy":"category","embeddable":true,"href":"https:\/\/cnctulua.tv\/index.php?rest_route=%2Fwp%2Fv2%2Fcategories&post=39805"},{"taxonomy":"post_tag","embeddable":true,"href":"https:\/\/cnctulua.tv\/index.php?rest_route=%2Fwp%2Fv2%2Ftags&post=39805"}],"curies":[{"name":"wp","href":"https:\/\/api.w.org\/{rel}","templated":true}]}}