{"id":39811,"date":"2025-11-21T17:16:04","date_gmt":"2025-11-21T17:16:04","guid":{"rendered":"https:\/\/cnctulua.tv\/?p=39811"},"modified":"2025-11-21T17:16:04","modified_gmt":"2025-11-21T17:16:04","slug":"vuelve-la-ciclovida-a-tulua-este-domingo","status":"publish","type":"post","link":"https:\/\/cnctulua.tv\/?p=39811","title":{"rendered":"Vuelve la CicloVIDA a Tulu\u00e1 este domingo."},"content":{"rendered":"\n<p>Despu\u00e9s de seis a\u00f1os, la CicloVIDA regresa a Tulu\u00e1 este domingo 23 de noviembre con un circuito de 1.4 kil\u00f3metros dise\u00f1ado para fomentar la actividad f\u00edsica y la integraci\u00f3n familiar.<\/p>\n\n\n\n<figure class=\"wp-block-embed is-type-video is-provider-youtube wp-block-embed-youtube wp-embed-aspect-16-9 wp-has-aspect-ratio\"><div class=\"wp-block-embed__wrapper\">\n<iframe loading=\"lazy\" title=\"\ud83c\udfa5 Regresa la CicloVIDA a Tulu\u00e1 este domingo. \ud83d\udeb4\u200d\u2640\ufe0f\" width=\"640\" height=\"360\" src=\"https:\/\/www.youtube.com\/embed\/x-a_qHbK-dU?feature=oembed\" frameborder=\"0\" allow=\"accelerometer; autoplay; clipboard-write; encrypted-media; gyroscope; picture-in-picture; web-share\" referrerpolicy=\"strict-origin-when-cross-origin\" allowfullscreen><\/iframe>\n<\/div><\/figure>\n\n\n\n<p>El recorrido iniciar\u00e1 en la v\u00eda f\u00e9rrea hacia el corregimiento de Aguaclara, a la altura de la Estaci\u00f3n de Servicio, y se extender\u00e1 hasta la glorieta de la Central de Transportes.<\/p>\n\n\n\n<figure class=\"wp-block-image size-large\"><img loading=\"lazy\" decoding=\"async\" width=\"1024\" height=\"1024\" src=\"https:\/\/cnctulua.tv\/wp-content\/uploads\/2025\/11\/apoyos-DOMINGO-LA-CICLOVID-2-1024x1024.jpeg\" alt=\"\" class=\"wp-image-39818\" srcset=\"https:\/\/cnctulua.tv\/wp-content\/uploads\/2025\/11\/apoyos-DOMINGO-LA-CICLOVID-2-1024x1024.jpeg 1024w, https:\/\/cnctulua.tv\/wp-content\/uploads\/2025\/11\/apoyos-DOMINGO-LA-CICLOVID-2-300x300.jpeg 300w, https:\/\/cnctulua.tv\/wp-content\/uploads\/2025\/11\/apoyos-DOMINGO-LA-CICLOVID-2-150x150.jpeg 150w, https:\/\/cnctulua.tv\/wp-content\/uploads\/2025\/11\/apoyos-DOMINGO-LA-CICLOVID-2-768x768.jpeg 768w, https:\/\/cnctulua.tv\/wp-content\/uploads\/2025\/11\/apoyos-DOMINGO-LA-CICLOVID-2.jpeg 1440w\" sizes=\"auto, (max-width: 1024px) 100vw, 1024px\" \/><\/figure>\n\n\n\n<p>La Alcald\u00eda, a trav\u00e9s de la Secretar\u00eda del Deporte y la Recreaci\u00f3n, instalar\u00e1 una tarima principal para rumboterapia y aer\u00f3bicos, mientras que a lo largo del circuito habr\u00e1 espacios de recreaci\u00f3n destinados a ni\u00f1os y familias.<\/p>\n\n\n\n<p>El objetivo de la CicloVIDA es promover estilos de vida saludables y ofrecer un espacio seguro para la pr\u00e1ctica deportiva y la convivencia comunitaria.<\/p>\n","protected":false},"excerpt":{"rendered":"<p>Despu\u00e9s de seis a\u00f1os, la CicloVIDA regresa a Tulu\u00e1 este domingo 23 de noviembre con un circuito de 1.4 kil\u00f3metros dise\u00f1ado para fomentar la actividad f\u00edsica y la integraci\u00f3n familiar. El recorrido iniciar\u00e1 en la v\u00eda f\u00e9rrea hacia el corregimiento de Aguaclara, a la altura de la Estaci\u00f3n de Servicio, y se extender\u00e1 hasta la [&hellip;]<\/p>\n","protected":false},"author":3,"featured_media":39817,"comment_status":"open","ping_status":"open","sticky":false,"template":"","format":"video","meta":{"footnotes":""},"categories":[10,1515],"tags":[],"class_list":["post-39811","post","type-post","status-publish","format-video","has-post-thumbnail","hentry","category-cnc-noticias-tulua","category-cnc-tulua","post_format-post-format-video"],"_links":{"self":[{"href":"https:\/\/cnctulua.tv\/index.php?rest_route=\/wp\/v2\/posts\/39811","targetHints":{"allow":["GET"]}}],"collection":[{"href":"https:\/\/cnctulua.tv\/index.php?rest_route=\/wp\/v2\/posts"}],"about":[{"href":"https:\/\/cnctulua.tv\/index.php?rest_route=\/wp\/v2\/types\/post"}],"author":[{"embeddable":true,"href":"https:\/\/cnctulua.tv\/index.php?rest_route=\/wp\/v2\/users\/3"}],"replies":[{"embeddable":true,"href":"https:\/\/cnctulua.tv\/index.php?rest_route=%2Fwp%2Fv2%2Fcomments&post=39811"}],"version-history":[{"count":1,"href":"https:\/\/cnctulua.tv\/index.php?rest_route=\/wp\/v2\/posts\/39811\/revisions"}],"predecessor-version":[{"id":39820,"href":"https:\/\/cnctulua.tv\/index.php?rest_route=\/wp\/v2\/posts\/39811\/revisions\/39820"}],"wp:featuredmedia":[{"embeddable":true,"href":"https:\/\/cnctulua.tv\/index.php?rest_route=\/wp\/v2\/media\/39817"}],"wp:attachment":[{"href":"https:\/\/cnctulua.tv\/index.php?rest_route=%2Fwp%2Fv2%2Fmedia&parent=39811"}],"wp:term":[{"taxonomy":"category","embeddable":true,"href":"https:\/\/cnctulua.tv\/index.php?rest_route=%2Fwp%2Fv2%2Fcategories&post=39811"},{"taxonomy":"post_tag","embeddable":true,"href":"https:\/\/cnctulua.tv\/index.php?rest_route=%2Fwp%2Fv2%2Ftags&post=39811"}],"curies":[{"name":"wp","href":"https:\/\/api.w.org\/{rel}","templated":true}]}}