{"id":39823,"date":"2025-11-21T18:32:39","date_gmt":"2025-11-21T18:32:39","guid":{"rendered":"https:\/\/cnctulua.tv\/?p=39823"},"modified":"2025-11-21T18:32:39","modified_gmt":"2025-11-21T18:32:39","slug":"tulua-lanzo-la-campana-compra-en-tulua-y-vive-la-navidad","status":"publish","type":"post","link":"https:\/\/cnctulua.tv\/?p=39823","title":{"rendered":"Tulu\u00e1 lanz\u00f3 la campa\u00f1a \u201cCompra en Tulu\u00e1 y vive la Navidad\u201d."},"content":{"rendered":"\n<p>La Central de Transportes fue el escenario del lanzamiento oficial de la campa\u00f1a \u201cCompra en Tulu\u00e1 y vive la Navidad\u201d, una estrategia que busca promover el comercio local durante la temporada de fin de a\u00f1o. La iniciativa es impulsada por la Alcald\u00eda de Tulu\u00e1, la C\u00e1mara de Comercio, Fenalco y varios gremios empresariales del municipio.<\/p>\n\n\n\n<figure class=\"wp-block-embed is-type-video is-provider-youtube wp-block-embed-youtube wp-embed-aspect-16-9 wp-has-aspect-ratio\"><div class=\"wp-block-embed__wrapper\">\n<iframe loading=\"lazy\" title=\"\ud83c\udf84 Tulu\u00e1 lanz\u00f3 la campa\u00f1a \u201cCompra en Tulu\u00e1 y vive la Navidad\u201d \ud83c\udf81\ud83c\udf1f\" width=\"640\" height=\"360\" src=\"https:\/\/www.youtube.com\/embed\/dqZwz92ak-A?feature=oembed\" frameborder=\"0\" allow=\"accelerometer; autoplay; clipboard-write; encrypted-media; gyroscope; picture-in-picture; web-share\" referrerpolicy=\"strict-origin-when-cross-origin\" allowfullscreen><\/iframe>\n<\/div><\/figure>\n\n\n\n<p>Seg\u00fan explic\u00f3 Libia Fernanda Pasm\u00edn, gerente de la Central de Transportes, la campa\u00f1a inicia formalmente hoy y se extender\u00e1 hasta la segunda semana de enero. El objetivo es fortalecer la identidad comercial de la ciudad e invitar a los consumidores a realizar sus compras en negocios locales.<\/p>\n\n\n\n<figure class=\"wp-block-image size-large\"><img loading=\"lazy\" decoding=\"async\" width=\"1024\" height=\"434\" src=\"https:\/\/cnctulua.tv\/wp-content\/uploads\/2025\/11\/termi-nal-de-1024x434.png\" alt=\"\" class=\"wp-image-39833\" srcset=\"https:\/\/cnctulua.tv\/wp-content\/uploads\/2025\/11\/termi-nal-de-1024x434.png 1024w, https:\/\/cnctulua.tv\/wp-content\/uploads\/2025\/11\/termi-nal-de-300x127.png 300w, https:\/\/cnctulua.tv\/wp-content\/uploads\/2025\/11\/termi-nal-de-768x326.png 768w, https:\/\/cnctulua.tv\/wp-content\/uploads\/2025\/11\/termi-nal-de.png 1028w\" sizes=\"auto, (max-width: 1024px) 100vw, 1024px\" \/><\/figure>\n\n\n\n<p>La Central de Transportes se prepara para un incremento significativo en la movilidad. Durante diciembre se prev\u00e9 la atenci\u00f3n de hasta 16.000 pasajeros diarios, por lo que se contar\u00e1 con acompa\u00f1amiento de la Fuerza P\u00fablica, presencia de la transporte y ampliaci\u00f3n de frecuencias por parte de las empresas transportadoras.<\/p>\n\n\n\n<p>Desde la C\u00e1mara de Comercio se anunci\u00f3 la programaci\u00f3n de actividades especiales como el Black Weekend, Tulu\u00e1 Despierta el 19 de diciembre y acciones promocionales en los centros comerciales y en la calle Sarmiento.<\/p>\n\n\n\n<p>El alumbrado navide\u00f1o se encender\u00e1 en el Coliseo de Ferias Manuel Victoria Rojas, que ser\u00e1 punto de encuentro familiar. Adem\u00e1s, la Administraci\u00f3n Municipal desarrollar\u00e1 una campa\u00f1a de prevenci\u00f3n para evitar lesionados por p\u00f3lvora durante las festividades.<\/p>\n","protected":false},"excerpt":{"rendered":"<p>La Central de Transportes fue el escenario del lanzamiento oficial de la campa\u00f1a \u201cCompra en Tulu\u00e1 y vive la Navidad\u201d, una estrategia que busca promover el comercio local durante la temporada de fin de a\u00f1o. La iniciativa es impulsada por la Alcald\u00eda de Tulu\u00e1, la C\u00e1mara de Comercio, Fenalco y varios gremios empresariales del municipio. [&hellip;]<\/p>\n","protected":false},"author":3,"featured_media":39832,"comment_status":"open","ping_status":"open","sticky":false,"template":"","format":"video","meta":{"footnotes":""},"categories":[1515,1],"tags":[],"class_list":["post-39823","post","type-post","status-publish","format-video","has-post-thumbnail","hentry","category-cnc-tulua","category-uncategorized","post_format-post-format-video"],"_links":{"self":[{"href":"https:\/\/cnctulua.tv\/index.php?rest_route=\/wp\/v2\/posts\/39823","targetHints":{"allow":["GET"]}}],"collection":[{"href":"https:\/\/cnctulua.tv\/index.php?rest_route=\/wp\/v2\/posts"}],"about":[{"href":"https:\/\/cnctulua.tv\/index.php?rest_route=\/wp\/v2\/types\/post"}],"author":[{"embeddable":true,"href":"https:\/\/cnctulua.tv\/index.php?rest_route=\/wp\/v2\/users\/3"}],"replies":[{"embeddable":true,"href":"https:\/\/cnctulua.tv\/index.php?rest_route=%2Fwp%2Fv2%2Fcomments&post=39823"}],"version-history":[{"count":1,"href":"https:\/\/cnctulua.tv\/index.php?rest_route=\/wp\/v2\/posts\/39823\/revisions"}],"predecessor-version":[{"id":39836,"href":"https:\/\/cnctulua.tv\/index.php?rest_route=\/wp\/v2\/posts\/39823\/revisions\/39836"}],"wp:featuredmedia":[{"embeddable":true,"href":"https:\/\/cnctulua.tv\/index.php?rest_route=\/wp\/v2\/media\/39832"}],"wp:attachment":[{"href":"https:\/\/cnctulua.tv\/index.php?rest_route=%2Fwp%2Fv2%2Fmedia&parent=39823"}],"wp:term":[{"taxonomy":"category","embeddable":true,"href":"https:\/\/cnctulua.tv\/index.php?rest_route=%2Fwp%2Fv2%2Fcategories&post=39823"},{"taxonomy":"post_tag","embeddable":true,"href":"https:\/\/cnctulua.tv\/index.php?rest_route=%2Fwp%2Fv2%2Ftags&post=39823"}],"curies":[{"name":"wp","href":"https:\/\/api.w.org\/{rel}","templated":true}]}}