{"id":39827,"date":"2025-11-21T18:32:50","date_gmt":"2025-11-21T18:32:50","guid":{"rendered":"https:\/\/cnctulua.tv\/?p=39827"},"modified":"2025-11-21T18:32:50","modified_gmt":"2025-11-21T18:32:50","slug":"camara-de-comercio-anuncia-agenda-comercial-para-la-temporada-navidena-en-tulua","status":"publish","type":"post","link":"https:\/\/cnctulua.tv\/?p=39827","title":{"rendered":"C\u00e1mara de Comercio anuncia agenda comercial para la temporada navide\u00f1a en Tulu\u00e1."},"content":{"rendered":"\n<p>El presidente ejecutivo de la C\u00e1mara de Comercio de Tulu\u00e1, Miguel \u00c1ngel Gonz\u00e1lez, adelant\u00f3 los detalles de la agenda decembrina que se desarrollar\u00e1 en la ciudad con el prop\u00f3sito de fortalecer el comercio local durante la temporada de fin de a\u00f1o.<\/p>\n\n\n\n<figure class=\"wp-block-embed is-type-video is-provider-youtube wp-block-embed-youtube wp-embed-aspect-16-9 wp-has-aspect-ratio\"><div class=\"wp-block-embed__wrapper\">\n<iframe loading=\"lazy\" title=\"\ud83c\udf84 Inicio la temporada navide\u00f1a en Tulu\u00e1 actividades decembrinas. \ud83d\udecd\ufe0f\u2728\" width=\"640\" height=\"360\" src=\"https:\/\/www.youtube.com\/embed\/h7PslvsYNEM?feature=oembed\" frameborder=\"0\" allow=\"accelerometer; autoplay; clipboard-write; encrypted-media; gyroscope; picture-in-picture; web-share\" referrerpolicy=\"strict-origin-when-cross-origin\" allowfullscreen><\/iframe>\n<\/div><\/figure>\n\n\n\n<p>La programaci\u00f3n, que se realiza de manera conjunta con la Alcald\u00eda Municipal, Fenalco, Asocomer y los centros comerciales del \u00e1rea urbana, iniciar\u00e1 con el Black Weekend, un fin de semana de descuentos y promociones en los establecimientos del centro y en varios centros comerciales.<\/p>\n\n\n\n<figure class=\"wp-block-image size-full\"><img loading=\"lazy\" decoding=\"async\" width=\"1017\" height=\"450\" src=\"https:\/\/cnctulua.tv\/wp-content\/uploads\/2025\/11\/care-c.png\" alt=\"\" class=\"wp-image-39834\" srcset=\"https:\/\/cnctulua.tv\/wp-content\/uploads\/2025\/11\/care-c.png 1017w, https:\/\/cnctulua.tv\/wp-content\/uploads\/2025\/11\/care-c-300x133.png 300w, https:\/\/cnctulua.tv\/wp-content\/uploads\/2025\/11\/care-c-768x340.png 768w\" sizes=\"auto, (max-width: 1017px) 100vw, 1017px\" \/><\/figure>\n\n\n\n<p>Gonz\u00e1lez explic\u00f3 que durante noviembre y diciembre se celebrar\u00e1n diferentes actividades promocionales, entre ellas \u201cTulu\u00e1 Despierta\u201d, programada para el 19 de diciembre, que permitir\u00e1 extender horarios y dinamizar las ventas.<\/p>\n\n\n\n<p>El gremio empresarial tambi\u00e9n trabaja articuladamente con la Polic\u00eda Nacional para reforzar la seguridad en el centro de la ciudad y en los espacios comerciales durante estas semanas de alta afluencia.<\/p>\n\n\n\n<p>Con respecto a la posible peatonalizaci\u00f3n de la calle Sarmiento, el directivo indic\u00f3 que la decisi\u00f3n ser\u00e1 anunciada por las autoridades municipales. Entre tanto, los comerciantes aseguran estar listos para recibir a los compradores con nuevas ofertas y servicios.<\/p>\n\n\n\n<p>Las actividades se concentrar\u00e1n entre noviembre y diciembre, mientras que otros municipios del centro del Valle extender\u00e1n su programaci\u00f3n hasta los primeros d\u00edas de enero.<\/p>\n\n\n\n<p><\/p>\n","protected":false},"excerpt":{"rendered":"<p>El presidente ejecutivo de la C\u00e1mara de Comercio de Tulu\u00e1, Miguel \u00c1ngel Gonz\u00e1lez, adelant\u00f3 los detalles de la agenda decembrina que se desarrollar\u00e1 en la ciudad con el prop\u00f3sito de fortalecer el comercio local durante la temporada de fin de a\u00f1o. La programaci\u00f3n, que se realiza de manera conjunta con la Alcald\u00eda Municipal, Fenalco, Asocomer [&hellip;]<\/p>\n","protected":false},"author":3,"featured_media":39826,"comment_status":"open","ping_status":"open","sticky":false,"template":"","format":"video","meta":{"footnotes":""},"categories":[10,1515],"tags":[],"class_list":["post-39827","post","type-post","status-publish","format-video","has-post-thumbnail","hentry","category-cnc-noticias-tulua","category-cnc-tulua","post_format-post-format-video"],"_links":{"self":[{"href":"https:\/\/cnctulua.tv\/index.php?rest_route=\/wp\/v2\/posts\/39827","targetHints":{"allow":["GET"]}}],"collection":[{"href":"https:\/\/cnctulua.tv\/index.php?rest_route=\/wp\/v2\/posts"}],"about":[{"href":"https:\/\/cnctulua.tv\/index.php?rest_route=\/wp\/v2\/types\/post"}],"author":[{"embeddable":true,"href":"https:\/\/cnctulua.tv\/index.php?rest_route=\/wp\/v2\/users\/3"}],"replies":[{"embeddable":true,"href":"https:\/\/cnctulua.tv\/index.php?rest_route=%2Fwp%2Fv2%2Fcomments&post=39827"}],"version-history":[{"count":1,"href":"https:\/\/cnctulua.tv\/index.php?rest_route=\/wp\/v2\/posts\/39827\/revisions"}],"predecessor-version":[{"id":39837,"href":"https:\/\/cnctulua.tv\/index.php?rest_route=\/wp\/v2\/posts\/39827\/revisions\/39837"}],"wp:featuredmedia":[{"embeddable":true,"href":"https:\/\/cnctulua.tv\/index.php?rest_route=\/wp\/v2\/media\/39826"}],"wp:attachment":[{"href":"https:\/\/cnctulua.tv\/index.php?rest_route=%2Fwp%2Fv2%2Fmedia&parent=39827"}],"wp:term":[{"taxonomy":"category","embeddable":true,"href":"https:\/\/cnctulua.tv\/index.php?rest_route=%2Fwp%2Fv2%2Fcategories&post=39827"},{"taxonomy":"post_tag","embeddable":true,"href":"https:\/\/cnctulua.tv\/index.php?rest_route=%2Fwp%2Fv2%2Ftags&post=39827"}],"curies":[{"name":"wp","href":"https:\/\/api.w.org\/{rel}","templated":true}]}}