{"id":39828,"date":"2025-11-21T18:45:22","date_gmt":"2025-11-21T18:45:22","guid":{"rendered":"https:\/\/cnctulua.tv\/?p=39828"},"modified":"2025-11-21T18:45:22","modified_gmt":"2025-11-21T18:45:22","slug":"tulua-avanza-en-la-campana-compra-en-tulua-y-vive-la-alegria-de-la-navidad","status":"publish","type":"post","link":"https:\/\/cnctulua.tv\/?p=39828","title":{"rendered":"Tulu\u00e1 avanza en la campa\u00f1a \u201cCompra en Tulu\u00e1 y vive la alegr\u00eda de la Navidad\u201d."},"content":{"rendered":"\n<p>La administraci\u00f3n municipal anunci\u00f3 las acciones que acompa\u00f1ar\u00e1n la temporada decembrina como parte de la campa\u00f1a comercial y comunitaria \u201cCompra en Tulu\u00e1 y vive la alegr\u00eda de la Navidad\u201d.<\/p>\n\n\n\n<figure class=\"wp-block-embed is-type-video is-provider-youtube wp-block-embed-youtube wp-embed-aspect-16-9 wp-has-aspect-ratio\"><div class=\"wp-block-embed__wrapper\">\nhttps:\/\/youtu.be\/wtiI7-1T6Ng\n<\/div><\/figure>\n\n\n\n<p>El secretario privado, Santiago Guzm\u00e1n Prada, explic\u00f3 que la estrategia re\u00fane a comerciantes y distintos sectores productivos con el prop\u00f3sito de dinamizar el comercio durante noviembre y diciembre.<\/p>\n\n\n\n<p>Dentro de la programaci\u00f3n se encuentran jornadas de descuentos, actividades nocturnas y eventos recreativos dise\u00f1ados para atraer a propios y visitantes. El Black Friday y Tulu\u00e1 Despierta ser\u00e1n algunos de los momentos centrales de la agenda, junto con un desfile equino que busca apoyar el comercio nocturno.<\/p>\n\n\n\n<p>Guzm\u00e1n indic\u00f3 que la decisi\u00f3n sobre la peatonalizaci\u00f3n temporal de la calle Sarmiento se definir\u00e1 tras las mesas t\u00e9cnicas con los comerciantes.<\/p>\n\n\n\n<p>Adem\u00e1s, confirm\u00f3 que el alumbrado navide\u00f1o se encender\u00e1 en el Coliseo de Ferias Manuel Victoria Rojas, donde se dispondr\u00e1 de una programaci\u00f3n familiar y espacios para emprendedores.<\/p>\n\n\n\n<p>La campa\u00f1a tambi\u00e9n integrar\u00e1 acciones preventivas sobre el uso de p\u00f3lvora, con el mensaje \u201cPara ser feliz en diciembre, cero p\u00f3lvora\u201d.<\/p>\n","protected":false},"excerpt":{"rendered":"<p>La administraci\u00f3n municipal anunci\u00f3 las acciones que acompa\u00f1ar\u00e1n la temporada decembrina como parte de la campa\u00f1a comercial y comunitaria \u201cCompra en Tulu\u00e1 y vive la alegr\u00eda de la Navidad\u201d. El secretario privado, Santiago Guzm\u00e1n Prada, explic\u00f3 que la estrategia re\u00fane a comerciantes y distintos sectores productivos con el prop\u00f3sito de dinamizar el comercio durante noviembre [&hellip;]<\/p>\n","protected":false},"author":3,"featured_media":39838,"comment_status":"open","ping_status":"open","sticky":false,"template":"","format":"video","meta":{"footnotes":""},"categories":[10,1515,1],"tags":[],"class_list":["post-39828","post","type-post","status-publish","format-video","has-post-thumbnail","hentry","category-cnc-noticias-tulua","category-cnc-tulua","category-uncategorized","post_format-post-format-video"],"_links":{"self":[{"href":"https:\/\/cnctulua.tv\/index.php?rest_route=\/wp\/v2\/posts\/39828","targetHints":{"allow":["GET"]}}],"collection":[{"href":"https:\/\/cnctulua.tv\/index.php?rest_route=\/wp\/v2\/posts"}],"about":[{"href":"https:\/\/cnctulua.tv\/index.php?rest_route=\/wp\/v2\/types\/post"}],"author":[{"embeddable":true,"href":"https:\/\/cnctulua.tv\/index.php?rest_route=\/wp\/v2\/users\/3"}],"replies":[{"embeddable":true,"href":"https:\/\/cnctulua.tv\/index.php?rest_route=%2Fwp%2Fv2%2Fcomments&post=39828"}],"version-history":[{"count":1,"href":"https:\/\/cnctulua.tv\/index.php?rest_route=\/wp\/v2\/posts\/39828\/revisions"}],"predecessor-version":[{"id":39843,"href":"https:\/\/cnctulua.tv\/index.php?rest_route=\/wp\/v2\/posts\/39828\/revisions\/39843"}],"wp:featuredmedia":[{"embeddable":true,"href":"https:\/\/cnctulua.tv\/index.php?rest_route=\/wp\/v2\/media\/39838"}],"wp:attachment":[{"href":"https:\/\/cnctulua.tv\/index.php?rest_route=%2Fwp%2Fv2%2Fmedia&parent=39828"}],"wp:term":[{"taxonomy":"category","embeddable":true,"href":"https:\/\/cnctulua.tv\/index.php?rest_route=%2Fwp%2Fv2%2Fcategories&post=39828"},{"taxonomy":"post_tag","embeddable":true,"href":"https:\/\/cnctulua.tv\/index.php?rest_route=%2Fwp%2Fv2%2Ftags&post=39828"}],"curies":[{"name":"wp","href":"https:\/\/api.w.org\/{rel}","templated":true}]}}