{"id":39861,"date":"2025-11-24T21:01:19","date_gmt":"2025-11-24T21:01:19","guid":{"rendered":"https:\/\/cnctulua.tv\/?p=39861"},"modified":"2025-11-24T21:01:19","modified_gmt":"2025-11-24T21:01:19","slug":"conversatorio-tejedoras-de-justicia-reunio-a-mas-de-100-asistentes-en-tulua","status":"publish","type":"post","link":"https:\/\/cnctulua.tv\/?p=39861","title":{"rendered":"Conversatorio \u201cTejedoras de Justicia\u201d reuni\u00f3 a m\u00e1s de 100 asistentes en Tulu\u00e1."},"content":{"rendered":"\n<p>En conmemoraci\u00f3n del D\u00eda Internacional de la No Violencia contra la Mujer, la Casa de la Cultura Enrique Uribe White fue el escenario del conversatorio \u201cTejedoras de Justicia\u201d, un espacio liderado por Isabel Agat\u00f3n Santander, abogada, escritora y promotora de la Ley 1761 o Ley Rosa Elvira Cely, que tipifica el feminicidio en Colombia.<\/p>\n\n\n\n<figure class=\"wp-block-embed is-type-video is-provider-youtube wp-block-embed-youtube wp-embed-aspect-16-9 wp-has-aspect-ratio\"><div class=\"wp-block-embed__wrapper\">\nhttps:\/\/youtu.be\/yOEmbOovkgA\n<\/div><\/figure>\n\n\n\n<p>Agat\u00f3n Santander, reconocida por su trayectoria en justicia con enfoque de g\u00e9nero y participaci\u00f3n ciudadana, comparti\u00f3 reflexiones sobre el feminismo en Colombia, la identificaci\u00f3n de las violencias que enfrentan las mujeres y los desaf\u00edos actuales para garantizar plenamente sus derechos.<\/p>\n\n\n\n<p>El evento, que reuni\u00f3 a m\u00e1s de 100 asistentes, abord\u00f3 temas como las din\u00e1micas de violencia de g\u00e9nero en el pa\u00eds, las distintas formas de resiliencia construidas por las mujeres y la importancia de fortalecer los mecanismos de protecci\u00f3n y denuncia.<\/p>\n","protected":false},"excerpt":{"rendered":"<p>En conmemoraci\u00f3n del D\u00eda Internacional de la No Violencia contra la Mujer, la Casa de la Cultura Enrique Uribe White fue el escenario del conversatorio \u201cTejedoras de Justicia\u201d, un espacio liderado por Isabel Agat\u00f3n Santander, abogada, escritora y promotora de la Ley 1761 o Ley Rosa Elvira Cely, que tipifica el feminicidio en Colombia. Agat\u00f3n [&hellip;]<\/p>\n","protected":false},"author":3,"featured_media":39866,"comment_status":"open","ping_status":"open","sticky":false,"template":"","format":"video","meta":{"footnotes":""},"categories":[10,1515],"tags":[],"class_list":["post-39861","post","type-post","status-publish","format-video","has-post-thumbnail","hentry","category-cnc-noticias-tulua","category-cnc-tulua","post_format-post-format-video"],"_links":{"self":[{"href":"https:\/\/cnctulua.tv\/index.php?rest_route=\/wp\/v2\/posts\/39861","targetHints":{"allow":["GET"]}}],"collection":[{"href":"https:\/\/cnctulua.tv\/index.php?rest_route=\/wp\/v2\/posts"}],"about":[{"href":"https:\/\/cnctulua.tv\/index.php?rest_route=\/wp\/v2\/types\/post"}],"author":[{"embeddable":true,"href":"https:\/\/cnctulua.tv\/index.php?rest_route=\/wp\/v2\/users\/3"}],"replies":[{"embeddable":true,"href":"https:\/\/cnctulua.tv\/index.php?rest_route=%2Fwp%2Fv2%2Fcomments&post=39861"}],"version-history":[{"count":1,"href":"https:\/\/cnctulua.tv\/index.php?rest_route=\/wp\/v2\/posts\/39861\/revisions"}],"predecessor-version":[{"id":39880,"href":"https:\/\/cnctulua.tv\/index.php?rest_route=\/wp\/v2\/posts\/39861\/revisions\/39880"}],"wp:featuredmedia":[{"embeddable":true,"href":"https:\/\/cnctulua.tv\/index.php?rest_route=\/wp\/v2\/media\/39866"}],"wp:attachment":[{"href":"https:\/\/cnctulua.tv\/index.php?rest_route=%2Fwp%2Fv2%2Fmedia&parent=39861"}],"wp:term":[{"taxonomy":"category","embeddable":true,"href":"https:\/\/cnctulua.tv\/index.php?rest_route=%2Fwp%2Fv2%2Fcategories&post=39861"},{"taxonomy":"post_tag","embeddable":true,"href":"https:\/\/cnctulua.tv\/index.php?rest_route=%2Fwp%2Fv2%2Ftags&post=39861"}],"curies":[{"name":"wp","href":"https:\/\/api.w.org\/{rel}","templated":true}]}}