{"id":39888,"date":"2025-11-24T21:34:16","date_gmt":"2025-11-24T21:34:16","guid":{"rendered":"https:\/\/cnctulua.tv\/?p=39888"},"modified":"2025-11-24T21:34:16","modified_gmt":"2025-11-24T21:34:16","slug":"deportista-tulueno-fortalece-su-proceso-rumbo-al-nacional-con-el-programa-valle-talento","status":"publish","type":"post","link":"https:\/\/cnctulua.tv\/?p=39888","title":{"rendered":"Deportista tulue\u00f1o fortalece su proceso rumbo al nacional con el programa Valle Talento."},"content":{"rendered":"\n<p>Un deportista tulue\u00f1o contin\u00faa avanzando en su proceso dentro del programa Valle Talento, una estrategia departamental que re\u00fane a j\u00f3venes con proyecci\u00f3n en distintas disciplinas. El atleta, perteneciente a deportes de combate, se\u00f1al\u00f3 que el trabajo realizado durante este a\u00f1o ha sido clave para fortalecer su rendimiento y mantenerse en el grupo de seleccionados.<\/p>\n\n\n\n<figure class=\"wp-block-embed is-type-video is-provider-youtube wp-block-embed-youtube wp-embed-aspect-16-9 wp-has-aspect-ratio\"><div class=\"wp-block-embed__wrapper\">\n<iframe loading=\"lazy\" title=\"\ud83c\udf0a\ud83e\udd47 Valle Talento impulsa la formaci\u00f3n de atletas tulue\u00f1os con proyecci\u00f3n nacional.\" width=\"640\" height=\"360\" src=\"https:\/\/www.youtube.com\/embed\/TzNWV4BQNOk?feature=oembed\" frameborder=\"0\" allow=\"accelerometer; autoplay; clipboard-write; encrypted-media; gyroscope; picture-in-picture; web-share\" referrerpolicy=\"strict-origin-when-cross-origin\" allowfullscreen><\/iframe>\n<\/div><\/figure>\n\n\n\n<p>Seg\u00fan indic\u00f3, la preparaci\u00f3n ha sido intensa y orientada a cumplir metas espec\u00edficas, entre ellas su participaci\u00f3n en un pr\u00f3ximo evento nacional que se desarrollar\u00e1 en Cartagena. El deportista destac\u00f3 que entrenar junto a otros talentos del Valle del Cauca ha sido un impulso importante, pues permite compartir metodolog\u00edas y elevar el nivel competitivo.<\/p>\n\n\n\n<figure class=\"wp-block-image size-large\"><img loading=\"lazy\" decoding=\"async\" width=\"1024\" height=\"576\" src=\"https:\/\/cnctulua.tv\/wp-content\/uploads\/2025\/11\/COMPETENCIAS-NACIONALES-1024x576.png\" alt=\"\" class=\"wp-image-39892\" srcset=\"https:\/\/cnctulua.tv\/wp-content\/uploads\/2025\/11\/COMPETENCIAS-NACIONALES-1024x576.png 1024w, https:\/\/cnctulua.tv\/wp-content\/uploads\/2025\/11\/COMPETENCIAS-NACIONALES-300x169.png 300w, https:\/\/cnctulua.tv\/wp-content\/uploads\/2025\/11\/COMPETENCIAS-NACIONALES-768x432.png 768w, https:\/\/cnctulua.tv\/wp-content\/uploads\/2025\/11\/COMPETENCIAS-NACIONALES-1536x864.png 1536w, https:\/\/cnctulua.tv\/wp-content\/uploads\/2025\/11\/COMPETENCIAS-NACIONALES.png 1920w\" sizes=\"auto, (max-width: 1024px) 100vw, 1024px\" \/><\/figure>\n\n\n\n<p>Adem\u00e1s, asegur\u00f3 que este proceso representa una oportunidad significativa para los j\u00f3venes del municipio, quienes buscan consolidar su carrera deportiva. Subray\u00f3 que el esfuerzo diario y la disciplina han sido determinantes para avanzar en su formaci\u00f3n, especialmente en los trabajos t\u00e9cnicos sobre el ring.<\/p>\n\n\n\n<p>La comunidad deportiva espera que esta participaci\u00f3n contribuya a fortalecer la representaci\u00f3n del municipio y del departamento en el calendario competitivo del pr\u00f3ximo a\u00f1o.<\/p>\n","protected":false},"excerpt":{"rendered":"<p>Un deportista tulue\u00f1o contin\u00faa avanzando en su proceso dentro del programa Valle Talento, una estrategia departamental que re\u00fane a j\u00f3venes con proyecci\u00f3n en distintas disciplinas. El atleta, perteneciente a deportes de combate, se\u00f1al\u00f3 que el trabajo realizado durante este a\u00f1o ha sido clave para fortalecer su rendimiento y mantenerse en el grupo de seleccionados. Seg\u00fan [&hellip;]<\/p>\n","protected":false},"author":3,"featured_media":39889,"comment_status":"open","ping_status":"open","sticky":false,"template":"","format":"video","meta":{"footnotes":""},"categories":[10,1515],"tags":[],"class_list":["post-39888","post","type-post","status-publish","format-video","has-post-thumbnail","hentry","category-cnc-noticias-tulua","category-cnc-tulua","post_format-post-format-video"],"_links":{"self":[{"href":"https:\/\/cnctulua.tv\/index.php?rest_route=\/wp\/v2\/posts\/39888","targetHints":{"allow":["GET"]}}],"collection":[{"href":"https:\/\/cnctulua.tv\/index.php?rest_route=\/wp\/v2\/posts"}],"about":[{"href":"https:\/\/cnctulua.tv\/index.php?rest_route=\/wp\/v2\/types\/post"}],"author":[{"embeddable":true,"href":"https:\/\/cnctulua.tv\/index.php?rest_route=\/wp\/v2\/users\/3"}],"replies":[{"embeddable":true,"href":"https:\/\/cnctulua.tv\/index.php?rest_route=%2Fwp%2Fv2%2Fcomments&post=39888"}],"version-history":[{"count":1,"href":"https:\/\/cnctulua.tv\/index.php?rest_route=\/wp\/v2\/posts\/39888\/revisions"}],"predecessor-version":[{"id":39893,"href":"https:\/\/cnctulua.tv\/index.php?rest_route=\/wp\/v2\/posts\/39888\/revisions\/39893"}],"wp:featuredmedia":[{"embeddable":true,"href":"https:\/\/cnctulua.tv\/index.php?rest_route=\/wp\/v2\/media\/39889"}],"wp:attachment":[{"href":"https:\/\/cnctulua.tv\/index.php?rest_route=%2Fwp%2Fv2%2Fmedia&parent=39888"}],"wp:term":[{"taxonomy":"category","embeddable":true,"href":"https:\/\/cnctulua.tv\/index.php?rest_route=%2Fwp%2Fv2%2Fcategories&post=39888"},{"taxonomy":"post_tag","embeddable":true,"href":"https:\/\/cnctulua.tv\/index.php?rest_route=%2Fwp%2Fv2%2Ftags&post=39888"}],"curies":[{"name":"wp","href":"https:\/\/api.w.org\/{rel}","templated":true}]}}