{"id":39941,"date":"2025-11-25T21:21:47","date_gmt":"2025-11-25T21:21:47","guid":{"rendered":"https:\/\/cnctulua.tv\/?p=39941"},"modified":"2025-11-25T21:21:47","modified_gmt":"2025-11-25T21:21:47","slug":"barragan-vivio-una-nueva-jornada-del-festival-interveredales-con-enfoque-deportivo-y-comunitario","status":"publish","type":"post","link":"https:\/\/cnctulua.tv\/?p=39941","title":{"rendered":"Barrag\u00e1n vivi\u00f3 una nueva jornada del Festival Interveredales con enfoque deportivo y comunitario."},"content":{"rendered":"\n<p>El corregimiento de Barrag\u00e1n fue escenario de una nueva jornada del Festival Interveredales, una estrategia liderada por la Secretar\u00eda del Deporte y la Recreaci\u00f3n para masificar la actividad f\u00edsica y detectar talentos en zonas rurales del municipio. Durante la actividad, m\u00e1s de 20 ni\u00f1os y ni\u00f1as participaron en m\u00faltiples disciplinas, fortaleciendo habilidades deportivas y promoviendo la integraci\u00f3n comunitaria.<\/p>\n\n\n\n<figure class=\"wp-block-embed is-type-video is-provider-youtube wp-block-embed-youtube wp-embed-aspect-16-9 wp-has-aspect-ratio\"><div class=\"wp-block-embed__wrapper\">\n<iframe loading=\"lazy\" title=\"\u26bd\ud83c\udf89\ud83c\udf04 Festival Interveredales lleg\u00f3 a Barrag\u00e1n con una jornada llena de talento y deporte.\" width=\"640\" height=\"360\" src=\"https:\/\/www.youtube.com\/embed\/o0OJ9Ieh1hY?feature=oembed\" frameborder=\"0\" allow=\"accelerometer; autoplay; clipboard-write; encrypted-media; gyroscope; picture-in-picture; web-share\" referrerpolicy=\"strict-origin-when-cross-origin\" allowfullscreen><\/iframe>\n<\/div><\/figure>\n\n\n\n<p>El secretario del Deporte, Francisco Gir\u00f3n, destac\u00f3 la importancia de llevar estas actividades a la ruralidad y reiter\u00f3 que la estrategia se mantendr\u00e1 tanto en la zona urbana como en la monta\u00f1a. Habitantes del sector valoraron la presencia institucional y el impacto que estas jornadas tienen en el crecimiento deportivo de los menores.<\/p>\n\n\n\n<figure class=\"wp-block-image size-large\"><img loading=\"lazy\" decoding=\"async\" width=\"1024\" height=\"576\" src=\"https:\/\/cnctulua.tv\/wp-content\/uploads\/2025\/11\/FESTIVAL-INTERVEREDALES-BARRAGAN-2-1024x576.png\" alt=\"\" class=\"wp-image-39945\" srcset=\"https:\/\/cnctulua.tv\/wp-content\/uploads\/2025\/11\/FESTIVAL-INTERVEREDALES-BARRAGAN-2-1024x576.png 1024w, https:\/\/cnctulua.tv\/wp-content\/uploads\/2025\/11\/FESTIVAL-INTERVEREDALES-BARRAGAN-2-300x169.png 300w, https:\/\/cnctulua.tv\/wp-content\/uploads\/2025\/11\/FESTIVAL-INTERVEREDALES-BARRAGAN-2-768x432.png 768w, https:\/\/cnctulua.tv\/wp-content\/uploads\/2025\/11\/FESTIVAL-INTERVEREDALES-BARRAGAN-2-1536x864.png 1536w, https:\/\/cnctulua.tv\/wp-content\/uploads\/2025\/11\/FESTIVAL-INTERVEREDALES-BARRAGAN-2.png 1920w\" sizes=\"auto, (max-width: 1024px) 100vw, 1024px\" \/><\/figure>\n","protected":false},"excerpt":{"rendered":"<p>El corregimiento de Barrag\u00e1n fue escenario de una nueva jornada del Festival Interveredales, una estrategia liderada por la Secretar\u00eda del Deporte y la Recreaci\u00f3n para masificar la actividad f\u00edsica y detectar talentos en zonas rurales del municipio. Durante la actividad, m\u00e1s de 20 ni\u00f1os y ni\u00f1as participaron en m\u00faltiples disciplinas, fortaleciendo habilidades deportivas y promoviendo [&hellip;]<\/p>\n","protected":false},"author":3,"featured_media":39942,"comment_status":"open","ping_status":"open","sticky":false,"template":"","format":"video","meta":{"footnotes":""},"categories":[1],"tags":[],"class_list":["post-39941","post","type-post","status-publish","format-video","has-post-thumbnail","hentry","category-uncategorized","post_format-post-format-video"],"_links":{"self":[{"href":"https:\/\/cnctulua.tv\/index.php?rest_route=\/wp\/v2\/posts\/39941","targetHints":{"allow":["GET"]}}],"collection":[{"href":"https:\/\/cnctulua.tv\/index.php?rest_route=\/wp\/v2\/posts"}],"about":[{"href":"https:\/\/cnctulua.tv\/index.php?rest_route=\/wp\/v2\/types\/post"}],"author":[{"embeddable":true,"href":"https:\/\/cnctulua.tv\/index.php?rest_route=\/wp\/v2\/users\/3"}],"replies":[{"embeddable":true,"href":"https:\/\/cnctulua.tv\/index.php?rest_route=%2Fwp%2Fv2%2Fcomments&post=39941"}],"version-history":[{"count":1,"href":"https:\/\/cnctulua.tv\/index.php?rest_route=\/wp\/v2\/posts\/39941\/revisions"}],"predecessor-version":[{"id":39975,"href":"https:\/\/cnctulua.tv\/index.php?rest_route=\/wp\/v2\/posts\/39941\/revisions\/39975"}],"wp:featuredmedia":[{"embeddable":true,"href":"https:\/\/cnctulua.tv\/index.php?rest_route=\/wp\/v2\/media\/39942"}],"wp:attachment":[{"href":"https:\/\/cnctulua.tv\/index.php?rest_route=%2Fwp%2Fv2%2Fmedia&parent=39941"}],"wp:term":[{"taxonomy":"category","embeddable":true,"href":"https:\/\/cnctulua.tv\/index.php?rest_route=%2Fwp%2Fv2%2Fcategories&post=39941"},{"taxonomy":"post_tag","embeddable":true,"href":"https:\/\/cnctulua.tv\/index.php?rest_route=%2Fwp%2Fv2%2Ftags&post=39941"}],"curies":[{"name":"wp","href":"https:\/\/api.w.org\/{rel}","templated":true}]}}