{"id":39943,"date":"2025-11-25T21:47:49","date_gmt":"2025-11-25T21:47:49","guid":{"rendered":"https:\/\/cnctulua.tv\/?p=39943"},"modified":"2025-11-25T21:47:49","modified_gmt":"2025-11-25T21:47:49","slug":"festival-interveredales-reunio-a-mas-de-200-deportistas-en-monteloro","status":"publish","type":"post","link":"https:\/\/cnctulua.tv\/?p=39943","title":{"rendered":"Festival Interveredales reuni\u00f3 a m\u00e1s de 200 deportistas en Monteloro."},"content":{"rendered":"\n<p>El pasado 15 de noviembre, Monteloro acogi\u00f3 la \u00faltima edici\u00f3n del Festival Interveredales, un evento organizado por la Secretar\u00eda del Deporte y la Recreaci\u00f3n de Tulu\u00e1 para promover la integraci\u00f3n deportiva en la zona rural. M\u00e1s de 200 ni\u00f1os y j\u00f3venes provenientes de La Moralia, San Lorenzo, Monteloro y veredas aleda\u00f1as participaron en actividades deportivas, recreativas y formativas.<\/p>\n\n\n\n<figure class=\"wp-block-embed is-type-video is-provider-youtube wp-block-embed-youtube wp-embed-aspect-16-9 wp-has-aspect-ratio\"><div class=\"wp-block-embed__wrapper\">\n<iframe loading=\"lazy\" title=\"\ud83c\udfc0\u26bd\ud83c\udf89\ud83e\udd38\u200d\u2640\ufe0f\ud83c\udf04 Festival Interveredales: +200 j\u00f3venes activos en Monteloro.\" width=\"640\" height=\"360\" src=\"https:\/\/www.youtube.com\/embed\/d1o0SqWQeAI?feature=oembed\" frameborder=\"0\" allow=\"accelerometer; autoplay; clipboard-write; encrypted-media; gyroscope; picture-in-picture; web-share\" referrerpolicy=\"strict-origin-when-cross-origin\" allowfullscreen><\/iframe>\n<\/div><\/figure>\n\n\n\n<p>La programaci\u00f3n incluy\u00f3 competencias, talleres y actividades l\u00fadicas pensadas para la detecci\u00f3n de talentos y la consolidaci\u00f3n de semilleros deportivos. Durante la jornada se garantizaron desayuno, almuerzo y refrigerios para los asistentes, asegurando condiciones adecuadas para la participaci\u00f3n y el rendimiento.<\/p>\n\n\n\n<figure class=\"wp-block-image size-large\"><img loading=\"lazy\" decoding=\"async\" width=\"1024\" height=\"576\" src=\"https:\/\/cnctulua.tv\/wp-content\/uploads\/2025\/11\/INTERVEREDALES-MONTELORO-2-1-1024x576.png\" alt=\"\" class=\"wp-image-39980\" srcset=\"https:\/\/cnctulua.tv\/wp-content\/uploads\/2025\/11\/INTERVEREDALES-MONTELORO-2-1-1024x576.png 1024w, https:\/\/cnctulua.tv\/wp-content\/uploads\/2025\/11\/INTERVEREDALES-MONTELORO-2-1-300x169.png 300w, https:\/\/cnctulua.tv\/wp-content\/uploads\/2025\/11\/INTERVEREDALES-MONTELORO-2-1-768x432.png 768w, https:\/\/cnctulua.tv\/wp-content\/uploads\/2025\/11\/INTERVEREDALES-MONTELORO-2-1-1536x864.png 1536w, https:\/\/cnctulua.tv\/wp-content\/uploads\/2025\/11\/INTERVEREDALES-MONTELORO-2-1.png 1920w\" sizes=\"auto, (max-width: 1024px) 100vw, 1024px\" \/><\/figure>\n\n\n\n<p>La Alcald\u00eda Municipal, por medio de la Secretar\u00eda del Deporte, enfatiz\u00f3 la importancia de llevar estos escenarios a los territorios rurales como una estrategia para generar oportunidades, fortalecer la cohesi\u00f3n social y promover estilos de vida activos entre la ni\u00f1ez y la juventud.<\/p>\n","protected":false},"excerpt":{"rendered":"<p>El pasado 15 de noviembre, Monteloro acogi\u00f3 la \u00faltima edici\u00f3n del Festival Interveredales, un evento organizado por la Secretar\u00eda del Deporte y la Recreaci\u00f3n de Tulu\u00e1 para promover la integraci\u00f3n deportiva en la zona rural. M\u00e1s de 200 ni\u00f1os y j\u00f3venes provenientes de La Moralia, San Lorenzo, Monteloro y veredas aleda\u00f1as participaron en actividades deportivas, [&hellip;]<\/p>\n","protected":false},"author":3,"featured_media":39979,"comment_status":"open","ping_status":"open","sticky":false,"template":"","format":"video","meta":{"footnotes":""},"categories":[1],"tags":[],"class_list":["post-39943","post","type-post","status-publish","format-video","has-post-thumbnail","hentry","category-uncategorized","post_format-post-format-video"],"_links":{"self":[{"href":"https:\/\/cnctulua.tv\/index.php?rest_route=\/wp\/v2\/posts\/39943","targetHints":{"allow":["GET"]}}],"collection":[{"href":"https:\/\/cnctulua.tv\/index.php?rest_route=\/wp\/v2\/posts"}],"about":[{"href":"https:\/\/cnctulua.tv\/index.php?rest_route=\/wp\/v2\/types\/post"}],"author":[{"embeddable":true,"href":"https:\/\/cnctulua.tv\/index.php?rest_route=\/wp\/v2\/users\/3"}],"replies":[{"embeddable":true,"href":"https:\/\/cnctulua.tv\/index.php?rest_route=%2Fwp%2Fv2%2Fcomments&post=39943"}],"version-history":[{"count":1,"href":"https:\/\/cnctulua.tv\/index.php?rest_route=\/wp\/v2\/posts\/39943\/revisions"}],"predecessor-version":[{"id":39982,"href":"https:\/\/cnctulua.tv\/index.php?rest_route=\/wp\/v2\/posts\/39943\/revisions\/39982"}],"wp:featuredmedia":[{"embeddable":true,"href":"https:\/\/cnctulua.tv\/index.php?rest_route=\/wp\/v2\/media\/39979"}],"wp:attachment":[{"href":"https:\/\/cnctulua.tv\/index.php?rest_route=%2Fwp%2Fv2%2Fmedia&parent=39943"}],"wp:term":[{"taxonomy":"category","embeddable":true,"href":"https:\/\/cnctulua.tv\/index.php?rest_route=%2Fwp%2Fv2%2Fcategories&post=39943"},{"taxonomy":"post_tag","embeddable":true,"href":"https:\/\/cnctulua.tv\/index.php?rest_route=%2Fwp%2Fv2%2Ftags&post=39943"}],"curies":[{"name":"wp","href":"https:\/\/api.w.org\/{rel}","templated":true}]}}