{"id":40033,"date":"2025-11-26T20:30:55","date_gmt":"2025-11-26T20:30:55","guid":{"rendered":"https:\/\/cnctulua.tv\/?p=40033"},"modified":"2025-11-26T20:30:55","modified_gmt":"2025-11-26T20:30:55","slug":"estudiantes-vallecaucanos-se-forman-como-voceros-escolares-para-apoyar-a-sus-comunidades","status":"publish","type":"post","link":"https:\/\/cnctulua.tv\/?p=40033","title":{"rendered":"Estudiantes vallecaucanos se forman como Voceros Escolares para apoyar a sus comunidades."},"content":{"rendered":"\n<p>En el corregimiento El Placer, la Gobernaci\u00f3n del Valle del Cauca gradu\u00f3 a la primera cohorte de Voceros Escolares de la Red de Comunicadores Escolares, fortaleciendo la participaci\u00f3n activa de los j\u00f3venes en sus instituciones y comunidades.<\/p>\n\n\n\n<figure class=\"wp-block-embed is-type-video is-provider-youtube wp-block-embed-youtube wp-embed-aspect-16-9 wp-has-aspect-ratio\"><div class=\"wp-block-embed__wrapper\">\n<iframe loading=\"lazy\" title=\"\ud83c\udf93\ud83d\udce3 J\u00f3venes del Valle del Cauca se grad\u00faan como Voceros Escolares y fortalecen la participaci\u00f3n. \ud83c\udf1f\" width=\"640\" height=\"360\" src=\"https:\/\/www.youtube.com\/embed\/iqD0Hmn9ItA?feature=oembed\" frameborder=\"0\" allow=\"accelerometer; autoplay; clipboard-write; encrypted-media; gyroscope; picture-in-picture; web-share\" referrerpolicy=\"strict-origin-when-cross-origin\" allowfullscreen><\/iframe>\n<\/div><\/figure>\n\n\n\n<p>Los voceros podr\u00e1n intervenir en comit\u00e9s de convivencia escolar, consejos directivos, proyectos pedag\u00f3gicos y la implementaci\u00f3n del manual de convivencia, convirti\u00e9ndose en referentes de liderazgo y agentes de cambio.<\/p>\n\n\n\n<figure class=\"wp-block-image size-large\"><img loading=\"lazy\" decoding=\"async\" width=\"1024\" height=\"768\" src=\"https:\/\/cnctulua.tv\/wp-content\/uploads\/2025\/11\/apoyos-VOCEROS-ESCOLARES-9-1024x768.jpeg\" alt=\"\" class=\"wp-image-40036\" srcset=\"https:\/\/cnctulua.tv\/wp-content\/uploads\/2025\/11\/apoyos-VOCEROS-ESCOLARES-9-1024x768.jpeg 1024w, https:\/\/cnctulua.tv\/wp-content\/uploads\/2025\/11\/apoyos-VOCEROS-ESCOLARES-9-300x225.jpeg 300w, https:\/\/cnctulua.tv\/wp-content\/uploads\/2025\/11\/apoyos-VOCEROS-ESCOLARES-9-768x576.jpeg 768w, https:\/\/cnctulua.tv\/wp-content\/uploads\/2025\/11\/apoyos-VOCEROS-ESCOLARES-9-1536x1152.jpeg 1536w, https:\/\/cnctulua.tv\/wp-content\/uploads\/2025\/11\/apoyos-VOCEROS-ESCOLARES-9-2048x1536.jpeg 2048w\" sizes=\"auto, (max-width: 1024px) 100vw, 1024px\" \/><\/figure>\n\n\n\n<p>Durante 2025, los estudiantes de siete instituciones educativas recibieron talleres de comunicaci\u00f3n y medios digitales, crearon piezas comunicativas y promovieron soluciones desde la comunidad estudiantil. Jean Paul Jim\u00e9nez y Juan Jos\u00e9 Saavedra, graduados de esta cohorte, destacaron la importancia del rol de vocero para ayudar a sus compa\u00f1eros y contribuir al desarrollo local.<\/p>\n","protected":false},"excerpt":{"rendered":"<p>En el corregimiento El Placer, la Gobernaci\u00f3n del Valle del Cauca gradu\u00f3 a la primera cohorte de Voceros Escolares de la Red de Comunicadores Escolares, fortaleciendo la participaci\u00f3n activa de los j\u00f3venes en sus instituciones y comunidades. Los voceros podr\u00e1n intervenir en comit\u00e9s de convivencia escolar, consejos directivos, proyectos pedag\u00f3gicos y la implementaci\u00f3n del manual [&hellip;]<\/p>\n","protected":false},"author":3,"featured_media":40034,"comment_status":"open","ping_status":"open","sticky":false,"template":"","format":"video","meta":{"footnotes":""},"categories":[10,1515],"tags":[],"class_list":["post-40033","post","type-post","status-publish","format-video","has-post-thumbnail","hentry","category-cnc-noticias-tulua","category-cnc-tulua","post_format-post-format-video"],"_links":{"self":[{"href":"https:\/\/cnctulua.tv\/index.php?rest_route=\/wp\/v2\/posts\/40033","targetHints":{"allow":["GET"]}}],"collection":[{"href":"https:\/\/cnctulua.tv\/index.php?rest_route=\/wp\/v2\/posts"}],"about":[{"href":"https:\/\/cnctulua.tv\/index.php?rest_route=\/wp\/v2\/types\/post"}],"author":[{"embeddable":true,"href":"https:\/\/cnctulua.tv\/index.php?rest_route=\/wp\/v2\/users\/3"}],"replies":[{"embeddable":true,"href":"https:\/\/cnctulua.tv\/index.php?rest_route=%2Fwp%2Fv2%2Fcomments&post=40033"}],"version-history":[{"count":1,"href":"https:\/\/cnctulua.tv\/index.php?rest_route=\/wp\/v2\/posts\/40033\/revisions"}],"predecessor-version":[{"id":40037,"href":"https:\/\/cnctulua.tv\/index.php?rest_route=\/wp\/v2\/posts\/40033\/revisions\/40037"}],"wp:featuredmedia":[{"embeddable":true,"href":"https:\/\/cnctulua.tv\/index.php?rest_route=\/wp\/v2\/media\/40034"}],"wp:attachment":[{"href":"https:\/\/cnctulua.tv\/index.php?rest_route=%2Fwp%2Fv2%2Fmedia&parent=40033"}],"wp:term":[{"taxonomy":"category","embeddable":true,"href":"https:\/\/cnctulua.tv\/index.php?rest_route=%2Fwp%2Fv2%2Fcategories&post=40033"},{"taxonomy":"post_tag","embeddable":true,"href":"https:\/\/cnctulua.tv\/index.php?rest_route=%2Fwp%2Fv2%2Ftags&post=40033"}],"curies":[{"name":"wp","href":"https:\/\/api.w.org\/{rel}","templated":true}]}}