{"id":40066,"date":"2025-11-27T21:20:45","date_gmt":"2025-11-27T21:20:45","guid":{"rendered":"https:\/\/cnctulua.tv\/?p=40066"},"modified":"2025-11-27T21:20:45","modified_gmt":"2025-11-27T21:20:45","slug":"tulua-celebra-la-primera-expo-comunal-con-emprendedores-locales","status":"publish","type":"post","link":"https:\/\/cnctulua.tv\/?p=40066","title":{"rendered":"Tulu\u00e1 celebra la primera Expo Comunal con emprendedores locales."},"content":{"rendered":"\n<p>Este s\u00e1bado 29 de noviembre, Tulu\u00e1 se vestir\u00e1 de emprendimiento y cultura con la primera Expo Comunal, en el marco del D\u00eda de la Acci\u00f3n Comunal. La actividad se realizar\u00e1 en el Coliseo de Ferias Manuel Victoria Rojas, desde las 14:00 h hasta las 17:30 h, con entrada libre para toda la ciudadan\u00eda.<\/p>\n\n\n\n<figure class=\"wp-block-embed is-type-video is-provider-youtube wp-block-embed-youtube wp-embed-aspect-16-9 wp-has-aspect-ratio\"><div class=\"wp-block-embed__wrapper\">\n<iframe loading=\"lazy\" title=\"\ud83c\udfa5 Expo Comunal Tulu\u00e1 2025: Emprendedores y talento local.\" width=\"640\" height=\"360\" src=\"https:\/\/www.youtube.com\/embed\/xF1_62Vc5Y0?feature=oembed\" frameborder=\"0\" allow=\"accelerometer; autoplay; clipboard-write; encrypted-media; gyroscope; picture-in-picture; web-share\" referrerpolicy=\"strict-origin-when-cross-origin\" allowfullscreen><\/iframe>\n<\/div><\/figure>\n\n\n\n<p>M\u00e1s de 40 emprendedores locales mostrar\u00e1n productos elaborados en sus barrios, que incluyen bisuter\u00eda, productos de cuidado personal, alimentos y art\u00edculos l\u00e1cteos, muchos de ellos creados desde sus hogares. Adem\u00e1s, habr\u00e1 artistas invitados y un bingo familiar, ofreciendo un espacio para disfrutar en familia y apoyar la econom\u00eda local.<\/p>\n\n\n\n<p>Los actos protocolarios iniciar\u00e1n en la ma\u00f1ana, reconociendo la trayectoria de l\u00edderes de las Juntas de Acci\u00f3n Comunal. Los emprendedores participantes recibieron capacitaci\u00f3n de organizaciones aliadas, fortaleciendo sus habilidades y visibilidad dentro de la comunidad.<\/p>\n\n\n\n<p>Con esta iniciativa, las autoridades buscan promover la econom\u00eda solidaria, fomentar la participaci\u00f3n comunitaria y brindar a la ciudadan\u00eda un espacio para conocer y apoyar el talento local.<\/p>\n","protected":false},"excerpt":{"rendered":"<p>Este s\u00e1bado 29 de noviembre, Tulu\u00e1 se vestir\u00e1 de emprendimiento y cultura con la primera Expo Comunal, en el marco del D\u00eda de la Acci\u00f3n Comunal. La actividad se realizar\u00e1 en el Coliseo de Ferias Manuel Victoria Rojas, desde las 14:00 h hasta las 17:30 h, con entrada libre para toda la ciudadan\u00eda. M\u00e1s de [&hellip;]<\/p>\n","protected":false},"author":3,"featured_media":40081,"comment_status":"open","ping_status":"open","sticky":false,"template":"","format":"video","meta":{"footnotes":""},"categories":[10,1515],"tags":[],"class_list":["post-40066","post","type-post","status-publish","format-video","has-post-thumbnail","hentry","category-cnc-noticias-tulua","category-cnc-tulua","post_format-post-format-video"],"_links":{"self":[{"href":"https:\/\/cnctulua.tv\/index.php?rest_route=\/wp\/v2\/posts\/40066","targetHints":{"allow":["GET"]}}],"collection":[{"href":"https:\/\/cnctulua.tv\/index.php?rest_route=\/wp\/v2\/posts"}],"about":[{"href":"https:\/\/cnctulua.tv\/index.php?rest_route=\/wp\/v2\/types\/post"}],"author":[{"embeddable":true,"href":"https:\/\/cnctulua.tv\/index.php?rest_route=\/wp\/v2\/users\/3"}],"replies":[{"embeddable":true,"href":"https:\/\/cnctulua.tv\/index.php?rest_route=%2Fwp%2Fv2%2Fcomments&post=40066"}],"version-history":[{"count":1,"href":"https:\/\/cnctulua.tv\/index.php?rest_route=\/wp\/v2\/posts\/40066\/revisions"}],"predecessor-version":[{"id":40088,"href":"https:\/\/cnctulua.tv\/index.php?rest_route=\/wp\/v2\/posts\/40066\/revisions\/40088"}],"wp:featuredmedia":[{"embeddable":true,"href":"https:\/\/cnctulua.tv\/index.php?rest_route=\/wp\/v2\/media\/40081"}],"wp:attachment":[{"href":"https:\/\/cnctulua.tv\/index.php?rest_route=%2Fwp%2Fv2%2Fmedia&parent=40066"}],"wp:term":[{"taxonomy":"category","embeddable":true,"href":"https:\/\/cnctulua.tv\/index.php?rest_route=%2Fwp%2Fv2%2Fcategories&post=40066"},{"taxonomy":"post_tag","embeddable":true,"href":"https:\/\/cnctulua.tv\/index.php?rest_route=%2Fwp%2Fv2%2Ftags&post=40066"}],"curies":[{"name":"wp","href":"https:\/\/api.w.org\/{rel}","templated":true}]}}