{"id":40339,"date":"2025-12-03T21:50:54","date_gmt":"2025-12-03T21:50:54","guid":{"rendered":"https:\/\/cnctulua.tv\/?p=40339"},"modified":"2025-12-03T21:50:54","modified_gmt":"2025-12-03T21:50:54","slug":"ataque-sicarial-en-tulua-deja-un-hombre-y-una-menor-heridos","status":"publish","type":"post","link":"https:\/\/cnctulua.tv\/?p=40339","title":{"rendered":"Ataque sicarial en Tulu\u00e1 deja un hombre y una menor heridos."},"content":{"rendered":"\n<p>Un hecho sicarial registrado en el barrio El Para\u00edso, en Tulu\u00e1, dej\u00f3 herido a un hombre mayor y a una ni\u00f1a de 9 a\u00f1os, quien result\u00f3 impactada por una bala perdida durante el ataque al interior de una vivienda.<\/p>\n\n\n\n<figure class=\"wp-block-embed is-type-video is-provider-youtube wp-block-embed-youtube wp-embed-aspect-16-9 wp-has-aspect-ratio\"><div class=\"wp-block-embed__wrapper\">\n<iframe loading=\"lazy\" title=\"\ud83d\udcf0\ud83d\ude94 Una menor de 9 a\u00f1os result\u00f3 herida tras un atentado sicarial\" width=\"640\" height=\"360\" src=\"https:\/\/www.youtube.com\/embed\/tqVkmNX6BX8?feature=oembed\" frameborder=\"0\" allow=\"accelerometer; autoplay; clipboard-write; encrypted-media; gyroscope; picture-in-picture; web-share\" referrerpolicy=\"strict-origin-when-cross-origin\" allowfullscreen><\/iframe>\n<\/div><\/figure>\n\n\n\n<p>El secretario de Gobierno, Jos\u00e9 Mart\u00edn Hincapi\u00e9 \u00c1lvarez, confirm\u00f3 la situaci\u00f3n y explic\u00f3 que el hecho ocurri\u00f3 en horas de la ma\u00f1ana, cuando un individuo ingres\u00f3 a la residencia y dispar\u00f3 contra la v\u00edctima principal. En medio de las detonaciones, una de las balas alcanz\u00f3 a la menor, quien tambi\u00e9n debi\u00f3 ser remitida a un centro asistencial.<\/p>\n\n\n\n<p>La Polic\u00eda Nacional adelanta las actuaciones correspondientes para esclarecer lo ocurrido, reconstruir la escena y establecer posibles autores y m\u00f3viles del ataque.<\/p>\n\n\n\n<p>Las autoridades mantienen seguimiento al estado de salud de los heridos mientras avanza la investigaci\u00f3n.<\/p>\n","protected":false},"excerpt":{"rendered":"<p>Un hecho sicarial registrado en el barrio El Para\u00edso, en Tulu\u00e1, dej\u00f3 herido a un hombre mayor y a una ni\u00f1a de 9 a\u00f1os, quien result\u00f3 impactada por una bala perdida durante el ataque al interior de una vivienda. El secretario de Gobierno, Jos\u00e9 Mart\u00edn Hincapi\u00e9 \u00c1lvarez, confirm\u00f3 la situaci\u00f3n y explic\u00f3 que el hecho [&hellip;]<\/p>\n","protected":false},"author":3,"featured_media":40347,"comment_status":"open","ping_status":"open","sticky":false,"template":"","format":"video","meta":{"footnotes":""},"categories":[1],"tags":[],"class_list":["post-40339","post","type-post","status-publish","format-video","has-post-thumbnail","hentry","category-uncategorized","post_format-post-format-video"],"_links":{"self":[{"href":"https:\/\/cnctulua.tv\/index.php?rest_route=\/wp\/v2\/posts\/40339","targetHints":{"allow":["GET"]}}],"collection":[{"href":"https:\/\/cnctulua.tv\/index.php?rest_route=\/wp\/v2\/posts"}],"about":[{"href":"https:\/\/cnctulua.tv\/index.php?rest_route=\/wp\/v2\/types\/post"}],"author":[{"embeddable":true,"href":"https:\/\/cnctulua.tv\/index.php?rest_route=\/wp\/v2\/users\/3"}],"replies":[{"embeddable":true,"href":"https:\/\/cnctulua.tv\/index.php?rest_route=%2Fwp%2Fv2%2Fcomments&post=40339"}],"version-history":[{"count":1,"href":"https:\/\/cnctulua.tv\/index.php?rest_route=\/wp\/v2\/posts\/40339\/revisions"}],"predecessor-version":[{"id":40351,"href":"https:\/\/cnctulua.tv\/index.php?rest_route=\/wp\/v2\/posts\/40339\/revisions\/40351"}],"wp:featuredmedia":[{"embeddable":true,"href":"https:\/\/cnctulua.tv\/index.php?rest_route=\/wp\/v2\/media\/40347"}],"wp:attachment":[{"href":"https:\/\/cnctulua.tv\/index.php?rest_route=%2Fwp%2Fv2%2Fmedia&parent=40339"}],"wp:term":[{"taxonomy":"category","embeddable":true,"href":"https:\/\/cnctulua.tv\/index.php?rest_route=%2Fwp%2Fv2%2Fcategories&post=40339"},{"taxonomy":"post_tag","embeddable":true,"href":"https:\/\/cnctulua.tv\/index.php?rest_route=%2Fwp%2Fv2%2Ftags&post=40339"}],"curies":[{"name":"wp","href":"https:\/\/api.w.org\/{rel}","templated":true}]}}