{"id":40840,"date":"2025-12-17T20:15:57","date_gmt":"2025-12-17T20:15:57","guid":{"rendered":"https:\/\/cnctulua.tv\/?p=40840"},"modified":"2025-12-17T20:15:57","modified_gmt":"2025-12-17T20:15:57","slug":"la-decoracion-navidena-llena-de-luz-mantiene-vivas-las-tradiciones-familiares-en-tulua","status":"publish","type":"post","link":"https:\/\/cnctulua.tv\/?p=40840","title":{"rendered":"La decoraci\u00f3n navide\u00f1a llena de luz, mantiene vivas las tradiciones familiares en Tulu\u00e1."},"content":{"rendered":"\n<p>La decoraci\u00f3n navide\u00f1a sigue siendo una de las expresiones que fortalecen el encuentro familiar en Tulu\u00e1. Mar\u00eda Claudia Tabimba Hern\u00e1ndez, decoradora del municipio, explic\u00f3 c\u00f3mo su trabajo combina creatividad, tradici\u00f3n y valores propios de la temporada.<\/p>\n\n\n\n<figure class=\"wp-block-embed is-type-video is-provider-youtube wp-block-embed-youtube wp-embed-aspect-16-9 wp-has-aspect-ratio\"><div class=\"wp-block-embed__wrapper\">\n<iframe loading=\"lazy\" title=\"\ud83c\udf84\ud83c\udfe0\u2728 La decoraci\u00f3n navide\u00f1a en Tulu\u00e1 fortalece la uni\u00f3n familiar y el sentido espiritual.\" width=\"640\" height=\"360\" src=\"https:\/\/www.youtube.com\/embed\/kHfvUAAYcmw?feature=oembed\" frameborder=\"0\" allow=\"accelerometer; autoplay; clipboard-write; encrypted-media; gyroscope; picture-in-picture; web-share\" referrerpolicy=\"strict-origin-when-cross-origin\" allowfullscreen><\/iframe>\n<\/div><\/figure>\n\n\n\n<p>Desde octubre, la decoradora inicia la planificaci\u00f3n de sus dise\u00f1os y la atenci\u00f3n a sus clientes, al tiempo que prepara los detalles que comparte con su familia. Para ella, los arreglos navide\u00f1os representan una oportunidad para promover la uni\u00f3n y el significado espiritual de la Navidad.<\/p>\n\n\n\n<figure class=\"wp-block-image size-large\"><img loading=\"lazy\" decoding=\"async\" width=\"1024\" height=\"576\" src=\"https:\/\/cnctulua.tv\/wp-content\/uploads\/2025\/12\/apoyos-DECORACION-NAVIDENA-PRINCIPE-4-1024x576.jpeg\" alt=\"\" class=\"wp-image-40842\" srcset=\"https:\/\/cnctulua.tv\/wp-content\/uploads\/2025\/12\/apoyos-DECORACION-NAVIDENA-PRINCIPE-4-1024x576.jpeg 1024w, https:\/\/cnctulua.tv\/wp-content\/uploads\/2025\/12\/apoyos-DECORACION-NAVIDENA-PRINCIPE-4-300x169.jpeg 300w, https:\/\/cnctulua.tv\/wp-content\/uploads\/2025\/12\/apoyos-DECORACION-NAVIDENA-PRINCIPE-4-768x432.jpeg 768w, https:\/\/cnctulua.tv\/wp-content\/uploads\/2025\/12\/apoyos-DECORACION-NAVIDENA-PRINCIPE-4-1536x864.jpeg 1536w, https:\/\/cnctulua.tv\/wp-content\/uploads\/2025\/12\/apoyos-DECORACION-NAVIDENA-PRINCIPE-4-2048x1152.jpeg 2048w\" sizes=\"auto, (max-width: 1024px) 100vw, 1024px\" \/><\/figure>\n\n\n\n<p>Tabimba resalt\u00f3 que los colores y las luces influyen en la ambientaci\u00f3n de los hogares, destacando el uso de tonos c\u00e1lidos y blancos como elementos que transmiten alegr\u00eda y tranquilidad durante la temporada decembrina.<\/p>\n","protected":false},"excerpt":{"rendered":"<p>La decoraci\u00f3n navide\u00f1a sigue siendo una de las expresiones que fortalecen el encuentro familiar en Tulu\u00e1. Mar\u00eda Claudia Tabimba Hern\u00e1ndez, decoradora del municipio, explic\u00f3 c\u00f3mo su trabajo combina creatividad, tradici\u00f3n y valores propios de la temporada. Desde octubre, la decoradora inicia la planificaci\u00f3n de sus dise\u00f1os y la atenci\u00f3n a sus clientes, al tiempo que [&hellip;]<\/p>\n","protected":false},"author":3,"featured_media":40841,"comment_status":"open","ping_status":"open","sticky":false,"template":"","format":"video","meta":{"footnotes":""},"categories":[10,1515],"tags":[],"class_list":["post-40840","post","type-post","status-publish","format-video","has-post-thumbnail","hentry","category-cnc-noticias-tulua","category-cnc-tulua","post_format-post-format-video"],"_links":{"self":[{"href":"https:\/\/cnctulua.tv\/index.php?rest_route=\/wp\/v2\/posts\/40840","targetHints":{"allow":["GET"]}}],"collection":[{"href":"https:\/\/cnctulua.tv\/index.php?rest_route=\/wp\/v2\/posts"}],"about":[{"href":"https:\/\/cnctulua.tv\/index.php?rest_route=\/wp\/v2\/types\/post"}],"author":[{"embeddable":true,"href":"https:\/\/cnctulua.tv\/index.php?rest_route=\/wp\/v2\/users\/3"}],"replies":[{"embeddable":true,"href":"https:\/\/cnctulua.tv\/index.php?rest_route=%2Fwp%2Fv2%2Fcomments&post=40840"}],"version-history":[{"count":1,"href":"https:\/\/cnctulua.tv\/index.php?rest_route=\/wp\/v2\/posts\/40840\/revisions"}],"predecessor-version":[{"id":40846,"href":"https:\/\/cnctulua.tv\/index.php?rest_route=\/wp\/v2\/posts\/40840\/revisions\/40846"}],"wp:featuredmedia":[{"embeddable":true,"href":"https:\/\/cnctulua.tv\/index.php?rest_route=\/wp\/v2\/media\/40841"}],"wp:attachment":[{"href":"https:\/\/cnctulua.tv\/index.php?rest_route=%2Fwp%2Fv2%2Fmedia&parent=40840"}],"wp:term":[{"taxonomy":"category","embeddable":true,"href":"https:\/\/cnctulua.tv\/index.php?rest_route=%2Fwp%2Fv2%2Fcategories&post=40840"},{"taxonomy":"post_tag","embeddable":true,"href":"https:\/\/cnctulua.tv\/index.php?rest_route=%2Fwp%2Fv2%2Ftags&post=40840"}],"curies":[{"name":"wp","href":"https:\/\/api.w.org\/{rel}","templated":true}]}}